{"id":33628,"date":"2025-02-03T11:41:47","date_gmt":"2025-02-03T14:41:47","guid":{"rendered":"https:\/\/radiostudiow.com.br\/site\/?p=33628"},"modified":"2025-02-03T11:41:53","modified_gmt":"2025-02-03T14:41:53","slug":"moradores-de-uniao-da-vitoria-morrem-em-acidente-com-van-em-sao-paulo","status":"publish","type":"post","link":"https:\/\/radiostudiow.com.br\/site\/2025\/02\/03\/moradores-de-uniao-da-vitoria-morrem-em-acidente-com-van-em-sao-paulo\/","title":{"rendered":"Moradores de Uni\u00e3o da Vit\u00f3ria morrem em acidente com Van em S\u00e3o Paulo"},"content":{"rendered":"\n<p>Um grave acidente entre uma van e um caminh\u00e3o deixou duas pessoas mortas na manh\u00e3 deste domingo, 02 de fevereiro, na Rodovia Anhanguera, em Orl\u00e2ndia, no interior de S\u00e3o Paulo.<\/p>\n\n\n\n<figure class=\"wp-block-image size-full\"><img loading=\"lazy\" decoding=\"async\" width=\"897\" height=\"204\" src=\"https:\/\/radiostudiow.com.br\/site\/wp-content\/uploads\/2025\/01\/SITE-GRANDE.png\" alt=\"\" class=\"wp-image-32809\" srcset=\"https:\/\/radiostudiow.com.br\/site\/wp-content\/uploads\/2025\/01\/SITE-GRANDE.png 897w, https:\/\/radiostudiow.com.br\/site\/wp-content\/uploads\/2025\/01\/SITE-GRANDE-300x68.png 300w, https:\/\/radiostudiow.com.br\/site\/wp-content\/uploads\/2025\/01\/SITE-GRANDE-768x175.png 768w\" sizes=\"auto, (max-width: 897px) 100vw, 897px\" \/><\/figure>\n\n\n\n<p>A colis\u00e3o ocorreu quando a van, que trafegava atr\u00e1s do caminh\u00e3o, bateu violentamente na traseira do ve\u00edculo de carga.<\/p>\n\n\n\n<blockquote class=\"wp-block-quote is-layout-flow wp-block-quote-is-layout-flow\">\n<p><strong>As v\u00edtima foram identificadas como Philipe Lopes de 26 anos e Jo\u00e3o Lucas Sampaio de 30 anos. Os trabalhavam em uma empresa de m\u00f3veis em Uni\u00e3o da Vit\u00f3ria.<\/strong><\/p>\n<\/blockquote>\n\n\n\n<figure class=\"wp-block-image size-full\"><img decoding=\"async\" src=\"https:\/\/radiostudiow.com.br\/site\/wp-content\/uploads\/2025\/02\/image-2.png\" alt=\"\" class=\"wp-image-33629\"\/><\/figure>\n\n\n\n<p>De acordo com informa\u00e7\u00f5es preliminares, o caminh\u00e3o transportava 14 toneladas de margarina e seguia no sentido sul da rodovia.\u00a0No momento do acidente, o ve\u00edculo realizava uma manobra de retorno no quil\u00f4metro onde ocorreu a batida, sendo atingido pela van.<\/p>\n\n\n\n<p>Segundo informa\u00e7\u00f5es extra oficiais obtidas pela reportagem eles estariam retornando de uma viagem a trabalho para o nordeste quando a fatalidade aconteceu. Philipe e Jo\u00e3o Lucas ficaram presas nas ferragens e n\u00e3o resistiram aos ferimentos.<\/p>\n\n\n\n<figure class=\"wp-block-image size-full\"><img loading=\"lazy\" decoding=\"async\" width=\"598\" height=\"204\" src=\"https:\/\/radiostudiow.com.br\/site\/wp-content\/uploads\/2025\/01\/SITE-MEDIO7.png\" alt=\"\" class=\"wp-image-32801\" srcset=\"https:\/\/radiostudiow.com.br\/site\/wp-content\/uploads\/2025\/01\/SITE-MEDIO7.png 598w, https:\/\/radiostudiow.com.br\/site\/wp-content\/uploads\/2025\/01\/SITE-MEDIO7-300x102.png 300w\" sizes=\"auto, (max-width: 598px) 100vw, 598px\" \/><\/figure>\n\n\n\n<p>Equipes de resgate foram acionadas, mas os ocupantes da van j\u00e1 estavam sem vida quando os socorristas chegaram ao local.<\/p>\n\n\n\n<p>As causas do acidente est\u00e3o sendo investigadas pelas autoridades. O tr\u00e2nsito na regi\u00e3o foi parcialmente interditado para o trabalho da per\u00edcia e remo\u00e7\u00e3o dos ve\u00edculos.<\/p>\n\n\n\n<figure class=\"wp-block-video\"><video controls src=\"https:\/\/radiostudiow.com.br\/site\/wp-content\/uploads\/2025\/02\/WhatsApp-Video-2025-02-02-at-18.32.32.mp4\"><\/video><\/figure>\n","protected":false},"excerpt":{"rendered":"<p>Um grave acidente entre uma van e um caminh\u00e3o deixou duas pessoas mortas na manh\u00e3 deste domingo, 02 de fevereiro, na Rodovia Anhanguera, em Orl\u00e2ndia, no interior de S\u00e3o Paulo. A colis\u00e3o ocorreu quando a van, que trafegava atr\u00e1s do caminh\u00e3o, bateu violentamente na traseira do ve\u00edculo de carga. As v\u00edtima foram identificadas como Philipe [&hellip;]<\/p>\n","protected":false},"author":2,"featured_media":33630,"comment_status":"open","ping_status":"open","sticky":false,"template":"","format":"standard","meta":{"footnotes":""},"categories":[185],"tags":[172],"class_list":["post-33628","post","type-post","status-publish","format-standard","has-post-thumbnail","hentry","category-regional","tag-featured"],"amp_enabled":true,"_links":{"self":[{"href":"https:\/\/radiostudiow.com.br\/site\/wp-json\/wp\/v2\/posts\/33628","targetHints":{"allow":["GET"]}}],"collection":[{"href":"https:\/\/radiostudiow.com.br\/site\/wp-json\/wp\/v2\/posts"}],"about":[{"href":"https:\/\/radiostudiow.com.br\/site\/wp-json\/wp\/v2\/types\/post"}],"author":[{"embeddable":true,"href":"https:\/\/radiostudiow.com.br\/site\/wp-json\/wp\/v2\/users\/2"}],"replies":[{"embeddable":true,"href":"https:\/\/radiostudiow.com.br\/site\/wp-json\/wp\/v2\/comments?post=33628"}],"version-history":[{"count":1,"href":"https:\/\/radiostudiow.com.br\/site\/wp-json\/wp\/v2\/posts\/33628\/revisions"}],"predecessor-version":[{"id":33632,"href":"https:\/\/radiostudiow.com.br\/site\/wp-json\/wp\/v2\/posts\/33628\/revisions\/33632"}],"wp:featuredmedia":[{"embeddable":true,"href":"https:\/\/radiostudiow.com.br\/site\/wp-json\/wp\/v2\/media\/33630"}],"wp:attachment":[{"href":"https:\/\/radiostudiow.com.br\/site\/wp-json\/wp\/v2\/media?parent=33628"}],"wp:term":[{"taxonomy":"category","embeddable":true,"href":"https:\/\/radiostudiow.com.br\/site\/wp-json\/wp\/v2\/categories?post=33628"},{"taxonomy":"post_tag","embeddable":true,"href":"https:\/\/radiostudiow.com.br\/site\/wp-json\/wp\/v2\/tags?post=33628"}],"curies":[{"name":"wp","href":"https:\/\/api.w.org\/{rel}","templated":true}]}}