{"id":33635,"date":"2025-02-03T12:11:22","date_gmt":"2025-02-03T15:11:22","guid":{"rendered":"https:\/\/radiostudiow.com.br\/site\/?p=33635"},"modified":"2025-02-03T12:11:23","modified_gmt":"2025-02-03T15:11:23","slug":"morador-de-sao-mateus-do-sul-desaparece-apos-sair-para-comprar-motocicleta-em-irati","status":"publish","type":"post","link":"https:\/\/radiostudiow.com.br\/site\/2025\/02\/03\/morador-de-sao-mateus-do-sul-desaparece-apos-sair-para-comprar-motocicleta-em-irati\/","title":{"rendered":"Morador de S\u00e3o Mateus do Sul desaparece ap\u00f3s sair para comprar motocicleta em Irati"},"content":{"rendered":"\n<p>Na tarde da \u00faltima segunda-feira (27), um morador de S\u00e3o Mateus do Sul, identificado como Ad\u00e3o Santos, saiu de casa com destino \u00e0 cidade de Irati, com a inten\u00e7\u00e3o de adquirir uma motocicleta. No entanto, desde ent\u00e3o, n\u00e3o houve mais not\u00edcias sobre seu paradeiro, gerando grande preocupa\u00e7\u00e3o entre familiares e amigos.<\/p>\n\n\n\n<figure class=\"wp-block-image size-full\"><img loading=\"lazy\" decoding=\"async\" width=\"598\" height=\"204\" src=\"https:\/\/radiostudiow.com.br\/site\/wp-content\/uploads\/2025\/01\/SITE-MEDIO3.png\" alt=\"\" class=\"wp-image-32815\" srcset=\"https:\/\/radiostudiow.com.br\/site\/wp-content\/uploads\/2025\/01\/SITE-MEDIO3.png 598w, https:\/\/radiostudiow.com.br\/site\/wp-content\/uploads\/2025\/01\/SITE-MEDIO3-300x102.png 300w\" sizes=\"auto, (max-width: 598px) 100vw, 598px\" \/><\/figure>\n\n\n\n<p>Segundo informa\u00e7\u00f5es de Ivonei Santos Novakovski, ele e seu irm\u00e3o teriam ido at\u00e9 a <a><\/a>cidade de Irati em uma concession\u00e1ria por volta de 14h, para adquirir uma moto de cor vermelha, placa ARF-6A59, e o homem teria assumido a condu\u00e7\u00e3o, mesmo n\u00e3o tendo a Carteira Nacional de Habilita\u00e7\u00e3o (CNH). Por volta das 16h, ele teria sa\u00eddo de Irati em dire\u00e7\u00e3o \u00e0 S\u00e3o Mateus do Sul, por\u00e9m ainda n\u00e3o havia retornado.<\/p>\n\n\n\n<blockquote class=\"wp-block-quote is-layout-flow wp-block-quote-is-layout-flow\">\n<p>Ad\u00e3o Santos trajava cal\u00e7a jeans, camiseta preta e bon\u00e9 azul. Quem tiver informa\u00e7\u00f5es do paradeiro dele pode informar \u00e0 Pol\u00edcia Militar via 190 ou atrav\u00e9s do WhatsApp (42) 3523-2307.<\/p>\n<\/blockquote>\n\n\n\n<p>A Pol\u00edcia Civil de S\u00e3o Mateus do Sul est\u00e1 \u00e0 frente das investiga\u00e7\u00f5es, e novas atualiza\u00e7\u00f5es sobre o caso podem ser divulgadas nos pr\u00f3ximos dias<\/p>\n\n\n\n<p><strong><em>Fonte: Clic Sul News<\/em><\/strong><\/p>\n","protected":false},"excerpt":{"rendered":"<p>Na tarde da \u00faltima segunda-feira (27), um morador de S\u00e3o Mateus do Sul, identificado como Ad\u00e3o Santos, saiu de casa com destino \u00e0 cidade de Irati, com a inten\u00e7\u00e3o de adquirir uma motocicleta. No entanto, desde ent\u00e3o, n\u00e3o houve mais not\u00edcias sobre seu paradeiro, gerando grande preocupa\u00e7\u00e3o entre familiares e amigos. Segundo informa\u00e7\u00f5es de Ivonei [&hellip;]<\/p>\n","protected":false},"author":2,"featured_media":33636,"comment_status":"open","ping_status":"open","sticky":false,"template":"","format":"standard","meta":{"footnotes":""},"categories":[2],"tags":[172],"class_list":["post-33635","post","type-post","status-publish","format-standard","has-post-thumbnail","hentry","category-policial","tag-featured"],"amp_enabled":true,"_links":{"self":[{"href":"https:\/\/radiostudiow.com.br\/site\/wp-json\/wp\/v2\/posts\/33635","targetHints":{"allow":["GET"]}}],"collection":[{"href":"https:\/\/radiostudiow.com.br\/site\/wp-json\/wp\/v2\/posts"}],"about":[{"href":"https:\/\/radiostudiow.com.br\/site\/wp-json\/wp\/v2\/types\/post"}],"author":[{"embeddable":true,"href":"https:\/\/radiostudiow.com.br\/site\/wp-json\/wp\/v2\/users\/2"}],"replies":[{"embeddable":true,"href":"https:\/\/radiostudiow.com.br\/site\/wp-json\/wp\/v2\/comments?post=33635"}],"version-history":[{"count":1,"href":"https:\/\/radiostudiow.com.br\/site\/wp-json\/wp\/v2\/posts\/33635\/revisions"}],"predecessor-version":[{"id":33637,"href":"https:\/\/radiostudiow.com.br\/site\/wp-json\/wp\/v2\/posts\/33635\/revisions\/33637"}],"wp:featuredmedia":[{"embeddable":true,"href":"https:\/\/radiostudiow.com.br\/site\/wp-json\/wp\/v2\/media\/33636"}],"wp:attachment":[{"href":"https:\/\/radiostudiow.com.br\/site\/wp-json\/wp\/v2\/media?parent=33635"}],"wp:term":[{"taxonomy":"category","embeddable":true,"href":"https:\/\/radiostudiow.com.br\/site\/wp-json\/wp\/v2\/categories?post=33635"},{"taxonomy":"post_tag","embeddable":true,"href":"https:\/\/radiostudiow.com.br\/site\/wp-json\/wp\/v2\/tags?post=33635"}],"curies":[{"name":"wp","href":"https:\/\/api.w.org\/{rel}","templated":true}]}}