{"id":33639,"date":"2025-02-03T18:22:54","date_gmt":"2025-02-03T21:22:54","guid":{"rendered":"https:\/\/radiostudiow.com.br\/site\/?p=33639"},"modified":"2025-02-03T18:22:55","modified_gmt":"2025-02-03T21:22:55","slug":"operacao-aifu-em-reboucas-e-rio-azul-visa-combater-ilicitos-e-verificar-irregularidades-administrativas","status":"publish","type":"post","link":"https:\/\/radiostudiow.com.br\/site\/2025\/02\/03\/operacao-aifu-em-reboucas-e-rio-azul-visa-combater-ilicitos-e-verificar-irregularidades-administrativas\/","title":{"rendered":"Opera\u00e7\u00e3o AIFU em Rebou\u00e7as e Rio Azul visa combater il\u00edcitos e verificar irregularidades administrativas"},"content":{"rendered":"\n<p>Na noite de sexta-feira, 31 de janeiro, a Pol\u00edcia Militar de Rebou\u00e7as, em parceria com diversos \u00f3rg\u00e3os municipais, realizou uma a\u00e7\u00e3o integrada para combater a pr\u00e1tica de il\u00edcitos e verificar poss\u00edveis irregularidades administrativas. A opera\u00e7\u00e3o, denominada&nbsp;<em>AIFU<\/em>&nbsp;(A\u00e7\u00e3o Integrada de Fiscaliza\u00e7\u00e3o Urbana), teve como principal objetivo atender \u00e0s den\u00fancias recebidas pela popula\u00e7\u00e3o e refor\u00e7ar a seguran\u00e7a nas \u00e1reas urbanas.<\/p>\n\n\n\n<figure class=\"wp-block-image size-full\"><img loading=\"lazy\" decoding=\"async\" width=\"598\" height=\"204\" src=\"https:\/\/radiostudiow.com.br\/site\/wp-content\/uploads\/2025\/01\/SITE-MEDIO2.png\" alt=\"\" class=\"wp-image-32844\" srcset=\"https:\/\/radiostudiow.com.br\/site\/wp-content\/uploads\/2025\/01\/SITE-MEDIO2.png 598w, https:\/\/radiostudiow.com.br\/site\/wp-content\/uploads\/2025\/01\/SITE-MEDIO2-300x102.png 300w\" sizes=\"auto, (max-width: 598px) 100vw, 598px\" \/><\/figure>\n\n\n\n<p>Em Rebou\u00e7as, estiveram envolvidos na fiscaliza\u00e7\u00e3o as equipes da Tributa\u00e7\u00e3o, Vigil\u00e2ncia Sanit\u00e1ria e do Conselho Tutelar. Os agentes atuaram em diversas frentes, verificando desde quest\u00f5es relacionadas ao cumprimento de normas fiscais at\u00e9 o cumprimento das leis de sa\u00fade p\u00fablica.<\/p>\n\n\n\n<p>J\u00e1 em Rio Azul, a a\u00e7\u00e3o contou com a presen\u00e7a do Conselho Tutelar, que fiscalizou poss\u00edveis situa\u00e7\u00f5es de risco envolvendo crian\u00e7as e adolescentes no munic\u00edpio.<\/p>\n\n\n\n<figure class=\"wp-block-image size-full\"><img loading=\"lazy\" decoding=\"async\" width=\"300\" height=\"180\" src=\"https:\/\/radiostudiow.com.br\/site\/wp-content\/uploads\/2025\/01\/SITE-PEQUENO.png\" alt=\"\" class=\"wp-image-32833\"\/><\/figure>\n\n\n\n<p>A Opera\u00e7\u00e3o AIFU reflete o compromisso das autoridades locais em garantir a ordem p\u00fablica e a seguran\u00e7a dos cidad\u00e3os, bem como o cumprimento das normas legais e administrativas. A opera\u00e7\u00e3o continua com o objetivo de prevenir a pr\u00e1tica de crimes e resolver quest\u00f5es estruturais e sanit\u00e1rias nas cidades envolvidas.<\/p>\n\n\n\n<figure class=\"wp-block-image size-full\"><img loading=\"lazy\" decoding=\"async\" width=\"868\" height=\"580\" src=\"https:\/\/radiostudiow.com.br\/site\/wp-content\/uploads\/2025\/02\/user_848471158.jpg\" alt=\"\" class=\"wp-image-33642\" srcset=\"https:\/\/radiostudiow.com.br\/site\/wp-content\/uploads\/2025\/02\/user_848471158.jpg 868w, https:\/\/radiostudiow.com.br\/site\/wp-content\/uploads\/2025\/02\/user_848471158-300x200.jpg 300w, https:\/\/radiostudiow.com.br\/site\/wp-content\/uploads\/2025\/02\/user_848471158-768x513.jpg 768w\" sizes=\"auto, (max-width: 868px) 100vw, 868px\" \/><\/figure>\n","protected":false},"excerpt":{"rendered":"<p>Na noite de sexta-feira, 31 de janeiro, a Pol\u00edcia Militar de Rebou\u00e7as, em parceria com diversos \u00f3rg\u00e3os municipais, realizou uma a\u00e7\u00e3o integrada para combater a pr\u00e1tica de il\u00edcitos e verificar poss\u00edveis irregularidades administrativas. A opera\u00e7\u00e3o, denominada&nbsp;AIFU&nbsp;(A\u00e7\u00e3o Integrada de Fiscaliza\u00e7\u00e3o Urbana), teve como principal objetivo atender \u00e0s den\u00fancias recebidas pela popula\u00e7\u00e3o e refor\u00e7ar a seguran\u00e7a nas [&hellip;]<\/p>\n","protected":false},"author":2,"featured_media":33641,"comment_status":"open","ping_status":"open","sticky":false,"template":"","format":"standard","meta":{"footnotes":""},"categories":[2],"tags":[172],"class_list":["post-33639","post","type-post","status-publish","format-standard","has-post-thumbnail","hentry","category-policial","tag-featured"],"amp_enabled":true,"_links":{"self":[{"href":"https:\/\/radiostudiow.com.br\/site\/wp-json\/wp\/v2\/posts\/33639","targetHints":{"allow":["GET"]}}],"collection":[{"href":"https:\/\/radiostudiow.com.br\/site\/wp-json\/wp\/v2\/posts"}],"about":[{"href":"https:\/\/radiostudiow.com.br\/site\/wp-json\/wp\/v2\/types\/post"}],"author":[{"embeddable":true,"href":"https:\/\/radiostudiow.com.br\/site\/wp-json\/wp\/v2\/users\/2"}],"replies":[{"embeddable":true,"href":"https:\/\/radiostudiow.com.br\/site\/wp-json\/wp\/v2\/comments?post=33639"}],"version-history":[{"count":2,"href":"https:\/\/radiostudiow.com.br\/site\/wp-json\/wp\/v2\/posts\/33639\/revisions"}],"predecessor-version":[{"id":33644,"href":"https:\/\/radiostudiow.com.br\/site\/wp-json\/wp\/v2\/posts\/33639\/revisions\/33644"}],"wp:featuredmedia":[{"embeddable":true,"href":"https:\/\/radiostudiow.com.br\/site\/wp-json\/wp\/v2\/media\/33641"}],"wp:attachment":[{"href":"https:\/\/radiostudiow.com.br\/site\/wp-json\/wp\/v2\/media?parent=33639"}],"wp:term":[{"taxonomy":"category","embeddable":true,"href":"https:\/\/radiostudiow.com.br\/site\/wp-json\/wp\/v2\/categories?post=33639"},{"taxonomy":"post_tag","embeddable":true,"href":"https:\/\/radiostudiow.com.br\/site\/wp-json\/wp\/v2\/tags?post=33639"}],"curies":[{"name":"wp","href":"https:\/\/api.w.org\/{rel}","templated":true}]}}