{"id":33645,"date":"2025-02-03T18:45:24","date_gmt":"2025-02-03T21:45:24","guid":{"rendered":"https:\/\/radiostudiow.com.br\/site\/?p=33645"},"modified":"2025-02-03T18:45:25","modified_gmt":"2025-02-03T21:45:25","slug":"homem-fica-ferido-apos-disparo-de-arma-de-fogo-em-reboucas-autores-estavam-em-uma-motocicleta","status":"publish","type":"post","link":"https:\/\/radiostudiow.com.br\/site\/2025\/02\/03\/homem-fica-ferido-apos-disparo-de-arma-de-fogo-em-reboucas-autores-estavam-em-uma-motocicleta\/","title":{"rendered":"Homem fica ferido ap\u00f3s disparo de arma de fogo em Rebou\u00e7as. Autores estavam em uma motocicleta"},"content":{"rendered":"\n<p>Na madrugada desta segunda-feira, 03 de fevereiro, um homem foi ferido por disparo de arma de fogo no interior de Rebou\u00e7as. A v\u00edtima, que n\u00e3o teve o nome divulgado, relatou que estava em sua ch\u00e1cara no Riozinho de Baixo quando foi abordada por dois homens em uma motocicleta.<\/p>\n\n\n\n<figure class=\"wp-block-image size-full\"><img loading=\"lazy\" decoding=\"async\" width=\"598\" height=\"204\" src=\"https:\/\/radiostudiow.com.br\/site\/wp-content\/uploads\/2025\/01\/SITE-MEDIO7.png\" alt=\"\" class=\"wp-image-32801\" srcset=\"https:\/\/radiostudiow.com.br\/site\/wp-content\/uploads\/2025\/01\/SITE-MEDIO7.png 598w, https:\/\/radiostudiow.com.br\/site\/wp-content\/uploads\/2025\/01\/SITE-MEDIO7-300x102.png 300w\" sizes=\"auto, (max-width: 598px) 100vw, 598px\" \/><\/figure>\n\n\n\n<p>Segundo a v\u00edtima, ele que estava na sua ch\u00e1cara, quando uma motocicleta parou na estrada em frente ao port\u00e3o, um homem o chamou pelo sobrenome, a v\u00edtima saiu e percebeu que havia dois homens. O local n\u00e3o possui ilumina\u00e7\u00e3o, mas percebeu que um deles foi a sua dire\u00e7\u00e3o e levou a m\u00e3o na cintura, sacando uma arma de fogo.<\/p>\n\n\n\n<p>A v\u00edtima correu em dire\u00e7\u00e3o a resid\u00eancia por\u00e9m sofreu uma queda e ouviu cerca de 4 disparos, um deles atingiu a sua panturrilha esquerda transfixando o m\u00fasculo. Ele conseguiu levantar e tentou lavar e estancar o ferimento, mas, posteriormente ligou para o seu filho que o encaminhou para a Santa Casa de Irati.<\/p>\n\n\n\n<figure class=\"wp-block-image size-full\"><img loading=\"lazy\" decoding=\"async\" width=\"900\" height=\"408\" src=\"https:\/\/radiostudiow.com.br\/site\/wp-content\/uploads\/2025\/01\/SITE-E-TV.png\" alt=\"\" class=\"wp-image-33052\" srcset=\"https:\/\/radiostudiow.com.br\/site\/wp-content\/uploads\/2025\/01\/SITE-E-TV.png 900w, https:\/\/radiostudiow.com.br\/site\/wp-content\/uploads\/2025\/01\/SITE-E-TV-300x136.png 300w, https:\/\/radiostudiow.com.br\/site\/wp-content\/uploads\/2025\/01\/SITE-E-TV-768x348.png 768w\" sizes=\"auto, (max-width: 900px) 100vw, 900px\" \/><\/figure>\n\n\n\n<p>A v\u00edtima relatou n\u00e3o conhecer os indiv\u00edduos e n\u00e3o conseguiu visualizar caracter\u00edsticas f\u00edsicas dos autores, tipo de arma, cor ou modelo de motocicleta.<\/p>\n\n\n\n<p>Ele disse que possivelmente, sua ex-esposa e seu filho, se envolveram em uma ocorr\u00eancia na cidade de Rebou\u00e7as, pouco tempo antes, e o fato pode ter liga\u00e7\u00e3o com o acontecido com ele.<\/p>\n\n\n\n<p>Foi repassada a informa\u00e7\u00e3o ao Copom, bem como realizadas as orienta\u00e7\u00f5es para deslocar at\u00e9 a Delegacia para serem inicializadas as investiga\u00e7\u00f5es.<\/p>\n","protected":false},"excerpt":{"rendered":"<p>Na madrugada desta segunda-feira, 03 de fevereiro, um homem foi ferido por disparo de arma de fogo no interior de Rebou\u00e7as. A v\u00edtima, que n\u00e3o teve o nome divulgado, relatou que estava em sua ch\u00e1cara no Riozinho de Baixo quando foi abordada por dois homens em uma motocicleta. Segundo a v\u00edtima, ele que estava na [&hellip;]<\/p>\n","protected":false},"author":2,"featured_media":32852,"comment_status":"open","ping_status":"open","sticky":false,"template":"","format":"standard","meta":{"footnotes":""},"categories":[2],"tags":[172],"class_list":["post-33645","post","type-post","status-publish","format-standard","has-post-thumbnail","hentry","category-policial","tag-featured"],"amp_enabled":true,"_links":{"self":[{"href":"https:\/\/radiostudiow.com.br\/site\/wp-json\/wp\/v2\/posts\/33645","targetHints":{"allow":["GET"]}}],"collection":[{"href":"https:\/\/radiostudiow.com.br\/site\/wp-json\/wp\/v2\/posts"}],"about":[{"href":"https:\/\/radiostudiow.com.br\/site\/wp-json\/wp\/v2\/types\/post"}],"author":[{"embeddable":true,"href":"https:\/\/radiostudiow.com.br\/site\/wp-json\/wp\/v2\/users\/2"}],"replies":[{"embeddable":true,"href":"https:\/\/radiostudiow.com.br\/site\/wp-json\/wp\/v2\/comments?post=33645"}],"version-history":[{"count":2,"href":"https:\/\/radiostudiow.com.br\/site\/wp-json\/wp\/v2\/posts\/33645\/revisions"}],"predecessor-version":[{"id":33650,"href":"https:\/\/radiostudiow.com.br\/site\/wp-json\/wp\/v2\/posts\/33645\/revisions\/33650"}],"wp:featuredmedia":[{"embeddable":true,"href":"https:\/\/radiostudiow.com.br\/site\/wp-json\/wp\/v2\/media\/32852"}],"wp:attachment":[{"href":"https:\/\/radiostudiow.com.br\/site\/wp-json\/wp\/v2\/media?parent=33645"}],"wp:term":[{"taxonomy":"category","embeddable":true,"href":"https:\/\/radiostudiow.com.br\/site\/wp-json\/wp\/v2\/categories?post=33645"},{"taxonomy":"post_tag","embeddable":true,"href":"https:\/\/radiostudiow.com.br\/site\/wp-json\/wp\/v2\/tags?post=33645"}],"curies":[{"name":"wp","href":"https:\/\/api.w.org\/{rel}","templated":true}]}}