{"id":33659,"date":"2025-02-03T21:12:36","date_gmt":"2025-02-04T00:12:36","guid":{"rendered":"https:\/\/radiostudiow.com.br\/site\/?p=33659"},"modified":"2025-02-03T21:12:36","modified_gmt":"2025-02-04T00:12:36","slug":"populacao-de-mallet-questiona-falha-na-transmissao-dos-canais-sbt-e-rpc","status":"publish","type":"post","link":"https:\/\/radiostudiow.com.br\/site\/2025\/02\/03\/populacao-de-mallet-questiona-falha-na-transmissao-dos-canais-sbt-e-rpc\/","title":{"rendered":"POPULA\u00c7\u00c3O DE MALLET QUESTIONA FALHA NA TRANSMISS\u00c3O DOS CANAIS SBT E RPC"},"content":{"rendered":"\n<p>Os moradores de Mallet est\u00e3o enfrentando dificuldades para acessar os canais locais da RPC (afiliada da Globo) e do Rede Massa (afiliada do SBT).<br>H\u00e1 mais de uma semana, a RPC est\u00e1 fora do ar para quem utiliza antena convencional, enquanto o SBT, que j\u00e1 apresentava problemas de imagem desde o final do ano passado, tamb\u00e9m deixou de transmitir nos \u00faltimos dias.<\/p>\n\n\n\n<figure class=\"wp-block-image size-full\"><img loading=\"lazy\" decoding=\"async\" width=\"897\" height=\"204\" src=\"https:\/\/radiostudiow.com.br\/site\/wp-content\/uploads\/2025\/01\/SITE-GRANDE5.png\" alt=\"\" class=\"wp-image-32814\" srcset=\"https:\/\/radiostudiow.com.br\/site\/wp-content\/uploads\/2025\/01\/SITE-GRANDE5.png 897w, https:\/\/radiostudiow.com.br\/site\/wp-content\/uploads\/2025\/01\/SITE-GRANDE5-300x68.png 300w, https:\/\/radiostudiow.com.br\/site\/wp-content\/uploads\/2025\/01\/SITE-GRANDE5-768x175.png 768w\" sizes=\"auto, (max-width: 897px) 100vw, 897px\" \/><\/figure>\n\n\n\n<p><br>A situa\u00e7\u00e3o remete a um epis\u00f3dio ocorrido no ano passado, quando um furto nas instala\u00e7\u00f5es el\u00e9tricas na Serra do Tigre afetou a gera\u00e7\u00e3o das imagens, demandando um tempo significativo para a normaliza\u00e7\u00e3o do servi\u00e7o.<br>Diante das reclama\u00e7\u00f5es da popula\u00e7\u00e3o, a reportagem da Studio W entrou em contato com a Prefeitura de Mallet para esclarecimentos.<br>Em conversa com o Secret\u00e1rio Municipal de Administra\u00e7\u00e3o, Milton Luiz Czpak, foi informado que a administra\u00e7\u00e3o municipal j\u00e1 acionou a empresa respons\u00e1vel para apurar as causas da interrup\u00e7\u00e3o dos canais.<\/p>\n\n\n\n<figure class=\"wp-block-gallery has-nested-images columns-default is-cropped wp-block-gallery-1 is-layout-flex wp-block-gallery-is-layout-flex\">\n<figure class=\"wp-block-image size-large\"><img loading=\"lazy\" decoding=\"async\" width=\"1024\" height=\"792\" data-id=\"33660\" src=\"https:\/\/radiostudiow.com.br\/site\/wp-content\/uploads\/2025\/02\/01-2-1024x792.jpeg\" alt=\"\" class=\"wp-image-33660\" srcset=\"https:\/\/radiostudiow.com.br\/site\/wp-content\/uploads\/2025\/02\/01-2-1024x792.jpeg 1024w, https:\/\/radiostudiow.com.br\/site\/wp-content\/uploads\/2025\/02\/01-2-300x232.jpeg 300w, https:\/\/radiostudiow.com.br\/site\/wp-content\/uploads\/2025\/02\/01-2-768x594.jpeg 768w, https:\/\/radiostudiow.com.br\/site\/wp-content\/uploads\/2025\/02\/01-2-1536x1188.jpeg 1536w, https:\/\/radiostudiow.com.br\/site\/wp-content\/uploads\/2025\/02\/01-2.jpeg 1600w\" sizes=\"auto, (max-width: 1024px) 100vw, 1024px\" \/><\/figure>\n\n\n\n<figure class=\"wp-block-image size-large\"><img loading=\"lazy\" decoding=\"async\" width=\"1024\" height=\"1024\" data-id=\"33662\" src=\"https:\/\/radiostudiow.com.br\/site\/wp-content\/uploads\/2025\/02\/398979318_122119650500052191_4766563765232305979_n-1024x1024.jpg\" alt=\"\" class=\"wp-image-33662\" srcset=\"https:\/\/radiostudiow.com.br\/site\/wp-content\/uploads\/2025\/02\/398979318_122119650500052191_4766563765232305979_n-1024x1024.jpg 1024w, https:\/\/radiostudiow.com.br\/site\/wp-content\/uploads\/2025\/02\/398979318_122119650500052191_4766563765232305979_n-300x300.jpg 300w, https:\/\/radiostudiow.com.br\/site\/wp-content\/uploads\/2025\/02\/398979318_122119650500052191_4766563765232305979_n-768x768.jpg 768w, https:\/\/radiostudiow.com.br\/site\/wp-content\/uploads\/2025\/02\/398979318_122119650500052191_4766563765232305979_n-80x80.jpg 80w, https:\/\/radiostudiow.com.br\/site\/wp-content\/uploads\/2025\/02\/398979318_122119650500052191_4766563765232305979_n.jpg 1536w\" sizes=\"auto, (max-width: 1024px) 100vw, 1024px\" \/><\/figure>\n<\/figure>\n\n\n\n<blockquote class=\"wp-block-quote is-layout-flow wp-block-quote-is-layout-flow\">\n<p><br><strong><em>&#8220;Verifiquei com o respons\u00e1vel e a informa\u00e7\u00e3o que me foi passada \u00e9 que j\u00e1 foi solicitada a visita de um t\u00e9cnico. At\u00e9 o mais tardar nesta ter\u00e7a-feira, dia 4 de fevereiro, teremos um diagn\u00f3stico sobre o problema&#8221;, afirmou Czpak.<\/em><\/strong><\/p>\n<\/blockquote>\n\n\n\n<p>Vale destacar que os canais SBT e RPC s\u00e3o os \u00fanicos retransmitidos de forma gratuita e anal\u00f3gica para a popula\u00e7\u00e3o de Mallet h\u00e1 anos.<br>A Studio W segue acompanhando a situa\u00e7\u00e3o para que a normaliza\u00e7\u00e3o ocorra o mais breve poss\u00edvel.<\/p>\n","protected":false},"excerpt":{"rendered":"<p>Os moradores de Mallet est\u00e3o enfrentando dificuldades para acessar os canais locais da RPC (afiliada da Globo) e do Rede Massa (afiliada do SBT).H\u00e1 mais de uma semana, a RPC est\u00e1 fora do ar para quem utiliza antena convencional, enquanto o SBT, que j\u00e1 apresentava problemas de imagem desde o final do ano passado, tamb\u00e9m [&hellip;]<\/p>\n","protected":false},"author":2,"featured_media":33663,"comment_status":"open","ping_status":"open","sticky":false,"template":"","format":"standard","meta":{"footnotes":""},"categories":[184],"tags":[172],"class_list":["post-33659","post","type-post","status-publish","format-standard","has-post-thumbnail","hentry","category-local","tag-featured"],"amp_enabled":true,"_links":{"self":[{"href":"https:\/\/radiostudiow.com.br\/site\/wp-json\/wp\/v2\/posts\/33659","targetHints":{"allow":["GET"]}}],"collection":[{"href":"https:\/\/radiostudiow.com.br\/site\/wp-json\/wp\/v2\/posts"}],"about":[{"href":"https:\/\/radiostudiow.com.br\/site\/wp-json\/wp\/v2\/types\/post"}],"author":[{"embeddable":true,"href":"https:\/\/radiostudiow.com.br\/site\/wp-json\/wp\/v2\/users\/2"}],"replies":[{"embeddable":true,"href":"https:\/\/radiostudiow.com.br\/site\/wp-json\/wp\/v2\/comments?post=33659"}],"version-history":[{"count":1,"href":"https:\/\/radiostudiow.com.br\/site\/wp-json\/wp\/v2\/posts\/33659\/revisions"}],"predecessor-version":[{"id":33664,"href":"https:\/\/radiostudiow.com.br\/site\/wp-json\/wp\/v2\/posts\/33659\/revisions\/33664"}],"wp:featuredmedia":[{"embeddable":true,"href":"https:\/\/radiostudiow.com.br\/site\/wp-json\/wp\/v2\/media\/33663"}],"wp:attachment":[{"href":"https:\/\/radiostudiow.com.br\/site\/wp-json\/wp\/v2\/media?parent=33659"}],"wp:term":[{"taxonomy":"category","embeddable":true,"href":"https:\/\/radiostudiow.com.br\/site\/wp-json\/wp\/v2\/categories?post=33659"},{"taxonomy":"post_tag","embeddable":true,"href":"https:\/\/radiostudiow.com.br\/site\/wp-json\/wp\/v2\/tags?post=33659"}],"curies":[{"name":"wp","href":"https:\/\/api.w.org\/{rel}","templated":true}]}}