{"id":33670,"date":"2025-02-04T09:21:44","date_gmt":"2025-02-04T12:21:44","guid":{"rendered":"https:\/\/radiostudiow.com.br\/site\/?p=33670"},"modified":"2025-02-04T09:21:45","modified_gmt":"2025-02-04T12:21:45","slug":"morador-de-sao-mateus-do-sul-que-estava-desaparecido-em-irati-foi-localizado","status":"publish","type":"post","link":"https:\/\/radiostudiow.com.br\/site\/2025\/02\/04\/morador-de-sao-mateus-do-sul-que-estava-desaparecido-em-irati-foi-localizado\/","title":{"rendered":"Morador de S\u00e3o Mateus do Sul que estava desaparecido em Irati, foi localizado"},"content":{"rendered":"\n<p>Uma semana depois do desaparecimento de Ad\u00e3o Santos, ele finalmente foi localizado e voltou para junto dos familiares.<\/p>\n\n\n\n<figure class=\"wp-block-image size-full\"><img loading=\"lazy\" decoding=\"async\" width=\"300\" height=\"180\" src=\"https:\/\/radiostudiow.com.br\/site\/wp-content\/uploads\/2025\/01\/SITE-PEQUENO3.png\" alt=\"\" class=\"wp-image-32851\"\/><\/figure>\n\n\n\n<p>Segundo informa\u00e7\u00f5es apuradas pelo&nbsp;<strong>Portal RDX<\/strong>, Ad\u00e3o Santos voltou para casa, na localidade de Turvo de Baixo, nesta segunda-feira (3).<\/p>\n\n\n\n<p>O irm\u00e3o de Ad\u00e3o, Ivonei Santos Novakovski disse que ele retornou sozinho para casa e est\u00e1 bem.<\/p>\n\n\n\n<p><em><strong>Fonte: Portal RDX<\/strong><\/em><\/p>\n\n\n\n<figure class=\"wp-block-embed is-type-wp-embed is-provider-studio-w wp-block-embed-studio-w\"><div class=\"wp-block-embed__wrapper\">\n<blockquote class=\"wp-embedded-content\" data-secret=\"cSgjMIFPJ7\"><a href=\"https:\/\/radiostudiow.com.br\/site\/2025\/02\/03\/morador-de-sao-mateus-do-sul-desaparece-apos-sair-para-comprar-motocicleta-em-irati\/\">Morador de S\u00e3o Mateus do Sul desaparece ap\u00f3s sair para comprar motocicleta em Irati<\/a><\/blockquote><iframe loading=\"lazy\" class=\"wp-embedded-content\" sandbox=\"allow-scripts\" security=\"restricted\" style=\"position: absolute; visibility: hidden;\" title=\"&#8220;Morador de S\u00e3o Mateus do Sul desaparece ap\u00f3s sair para comprar motocicleta em Irati&#8221; &#8212; Studio W\" src=\"https:\/\/radiostudiow.com.br\/site\/2025\/02\/03\/morador-de-sao-mateus-do-sul-desaparece-apos-sair-para-comprar-motocicleta-em-irati\/embed\/#?secret=wP7FIXGcq3#?secret=cSgjMIFPJ7\" data-secret=\"cSgjMIFPJ7\" width=\"600\" height=\"338\" frameborder=\"0\" marginwidth=\"0\" marginheight=\"0\" scrolling=\"no\"><\/iframe>\n<\/div><\/figure>\n","protected":false},"excerpt":{"rendered":"<p>Uma semana depois do desaparecimento de Ad\u00e3o Santos, ele finalmente foi localizado e voltou para junto dos familiares. Segundo informa\u00e7\u00f5es apuradas pelo&nbsp;Portal RDX, Ad\u00e3o Santos voltou para casa, na localidade de Turvo de Baixo, nesta segunda-feira (3). O irm\u00e3o de Ad\u00e3o, Ivonei Santos Novakovski disse que ele retornou sozinho para casa e est\u00e1 bem. Fonte: [&hellip;]<\/p>\n","protected":false},"author":2,"featured_media":33671,"comment_status":"open","ping_status":"open","sticky":false,"template":"","format":"standard","meta":{"footnotes":""},"categories":[185],"tags":[172],"class_list":["post-33670","post","type-post","status-publish","format-standard","has-post-thumbnail","hentry","category-regional","tag-featured"],"amp_enabled":true,"_links":{"self":[{"href":"https:\/\/radiostudiow.com.br\/site\/wp-json\/wp\/v2\/posts\/33670","targetHints":{"allow":["GET"]}}],"collection":[{"href":"https:\/\/radiostudiow.com.br\/site\/wp-json\/wp\/v2\/posts"}],"about":[{"href":"https:\/\/radiostudiow.com.br\/site\/wp-json\/wp\/v2\/types\/post"}],"author":[{"embeddable":true,"href":"https:\/\/radiostudiow.com.br\/site\/wp-json\/wp\/v2\/users\/2"}],"replies":[{"embeddable":true,"href":"https:\/\/radiostudiow.com.br\/site\/wp-json\/wp\/v2\/comments?post=33670"}],"version-history":[{"count":1,"href":"https:\/\/radiostudiow.com.br\/site\/wp-json\/wp\/v2\/posts\/33670\/revisions"}],"predecessor-version":[{"id":33672,"href":"https:\/\/radiostudiow.com.br\/site\/wp-json\/wp\/v2\/posts\/33670\/revisions\/33672"}],"wp:featuredmedia":[{"embeddable":true,"href":"https:\/\/radiostudiow.com.br\/site\/wp-json\/wp\/v2\/media\/33671"}],"wp:attachment":[{"href":"https:\/\/radiostudiow.com.br\/site\/wp-json\/wp\/v2\/media?parent=33670"}],"wp:term":[{"taxonomy":"category","embeddable":true,"href":"https:\/\/radiostudiow.com.br\/site\/wp-json\/wp\/v2\/categories?post=33670"},{"taxonomy":"post_tag","embeddable":true,"href":"https:\/\/radiostudiow.com.br\/site\/wp-json\/wp\/v2\/tags?post=33670"}],"curies":[{"name":"wp","href":"https:\/\/api.w.org\/{rel}","templated":true}]}}