{"id":33673,"date":"2025-02-04T09:29:28","date_gmt":"2025-02-04T12:29:28","guid":{"rendered":"https:\/\/radiostudiow.com.br\/site\/?p=33673"},"modified":"2025-02-04T09:29:29","modified_gmt":"2025-02-04T12:29:29","slug":"video-furto-de-ferramenta-de-trabalho-imagens-registram-o-suspeito-em-uniao-da-vitoria","status":"publish","type":"post","link":"https:\/\/radiostudiow.com.br\/site\/2025\/02\/04\/video-furto-de-ferramenta-de-trabalho-imagens-registram-o-suspeito-em-uniao-da-vitoria\/","title":{"rendered":"V\u00cdDEO: Furto de ferramenta de trabalho: imagens registram o suspeito em Uni\u00e3o da Vit\u00f3ria"},"content":{"rendered":"\n<p>Na manh\u00e3 desta segunda-feira, 03 de fevereiro, um incidente de furto foi registrado por volta das 9h30 no bairro S\u00e3o Bas\u00edlio, em frente \u00e0 Uniuv Odontologia. O propriet\u00e1rio da ferramenta, Jaisson Tibre, relatou que teve seu equipamento de trabalho furtado de dentro do seu ve\u00edculo.<\/p>\n\n\n\n<figure class=\"wp-block-image size-full\"><img loading=\"lazy\" decoding=\"async\" width=\"300\" height=\"180\" src=\"https:\/\/radiostudiow.com.br\/site\/wp-content\/uploads\/2025\/01\/SITE-PEQUENO2.png\" alt=\"\" class=\"wp-image-32894\"\/><\/figure>\n\n\n\n<p>A ferramenta, essencial para o processo de v\u00e1cuo no sistema de ar condicionado e geladeiras antes da coloca\u00e7\u00e3o do g\u00e1s, foi levada.<\/p>\n\n\n\n<p>Imagens de c\u00e2meras de seguran\u00e7a da regi\u00e3o flagraram o momento em que o suspeito furtou a ferramenta e passou pelo local de forma suspeita. Jaisson, que depende do equipamento para o desempenho de seu trabalho, solicita que qualquer informa\u00e7\u00e3o sobre o suspeito.<\/p>\n\n\n\n<p>Se voc\u00ea souber de algo que possa ajudar nas investiga\u00e7\u00f5es, entre em contato com as autoridades locais.<\/p>\n\n\n\n<figure class=\"wp-block-image size-full\"><img loading=\"lazy\" decoding=\"async\" width=\"897\" height=\"204\" src=\"https:\/\/radiostudiow.com.br\/site\/wp-content\/uploads\/2025\/01\/SITE-GRANDE6.png\" alt=\"\" class=\"wp-image-32870\" srcset=\"https:\/\/radiostudiow.com.br\/site\/wp-content\/uploads\/2025\/01\/SITE-GRANDE6.png 897w, https:\/\/radiostudiow.com.br\/site\/wp-content\/uploads\/2025\/01\/SITE-GRANDE6-300x68.png 300w, https:\/\/radiostudiow.com.br\/site\/wp-content\/uploads\/2025\/01\/SITE-GRANDE6-768x175.png 768w\" sizes=\"auto, (max-width: 897px) 100vw, 897px\" \/><\/figure>\n\n\n\n<p><a target=\"_blank\" href=\"mailto:?subject=V%C3%8DDEO:%20Furto%20de%20ferramenta%20de%20trabalho:%20imagens%20registram%20o%20suspeito&amp;body=https:\/\/www.vvale.com.br\/seguranca\/video-furto-de-ferramenta-de-trabalho-imagens-registram-o-suspeito\/\" rel=\"noreferrer noopener\"><\/a><\/p>\n\n\n\n<figure class=\"wp-block-video\"><video height=\"368\" style=\"aspect-ratio: 650 \/ 368;\" width=\"650\" controls src=\"https:\/\/radiostudiow.com.br\/site\/wp-content\/uploads\/2025\/02\/WhatsApp-Video-2025-02-03-at-15.14.23.mp4\"><\/video><\/figure>\n","protected":false},"excerpt":{"rendered":"<p>Na manh\u00e3 desta segunda-feira, 03 de fevereiro, um incidente de furto foi registrado por volta das 9h30 no bairro S\u00e3o Bas\u00edlio, em frente \u00e0 Uniuv Odontologia. O propriet\u00e1rio da ferramenta, Jaisson Tibre, relatou que teve seu equipamento de trabalho furtado de dentro do seu ve\u00edculo. A ferramenta, essencial para o processo de v\u00e1cuo no sistema [&hellip;]<\/p>\n","protected":false},"author":2,"featured_media":33675,"comment_status":"open","ping_status":"open","sticky":false,"template":"","format":"standard","meta":{"footnotes":""},"categories":[2],"tags":[172],"class_list":["post-33673","post","type-post","status-publish","format-standard","has-post-thumbnail","hentry","category-policial","tag-featured"],"amp_enabled":true,"_links":{"self":[{"href":"https:\/\/radiostudiow.com.br\/site\/wp-json\/wp\/v2\/posts\/33673","targetHints":{"allow":["GET"]}}],"collection":[{"href":"https:\/\/radiostudiow.com.br\/site\/wp-json\/wp\/v2\/posts"}],"about":[{"href":"https:\/\/radiostudiow.com.br\/site\/wp-json\/wp\/v2\/types\/post"}],"author":[{"embeddable":true,"href":"https:\/\/radiostudiow.com.br\/site\/wp-json\/wp\/v2\/users\/2"}],"replies":[{"embeddable":true,"href":"https:\/\/radiostudiow.com.br\/site\/wp-json\/wp\/v2\/comments?post=33673"}],"version-history":[{"count":1,"href":"https:\/\/radiostudiow.com.br\/site\/wp-json\/wp\/v2\/posts\/33673\/revisions"}],"predecessor-version":[{"id":33677,"href":"https:\/\/radiostudiow.com.br\/site\/wp-json\/wp\/v2\/posts\/33673\/revisions\/33677"}],"wp:featuredmedia":[{"embeddable":true,"href":"https:\/\/radiostudiow.com.br\/site\/wp-json\/wp\/v2\/media\/33675"}],"wp:attachment":[{"href":"https:\/\/radiostudiow.com.br\/site\/wp-json\/wp\/v2\/media?parent=33673"}],"wp:term":[{"taxonomy":"category","embeddable":true,"href":"https:\/\/radiostudiow.com.br\/site\/wp-json\/wp\/v2\/categories?post=33673"},{"taxonomy":"post_tag","embeddable":true,"href":"https:\/\/radiostudiow.com.br\/site\/wp-json\/wp\/v2\/tags?post=33673"}],"curies":[{"name":"wp","href":"https:\/\/api.w.org\/{rel}","templated":true}]}}