{"id":33678,"date":"2025-02-04T09:30:30","date_gmt":"2025-02-04T12:30:30","guid":{"rendered":"https:\/\/radiostudiow.com.br\/site\/?p=33678"},"modified":"2025-02-04T09:30:31","modified_gmt":"2025-02-04T12:30:31","slug":"carro-tomba-na-br-153-em-general-carneiro","status":"publish","type":"post","link":"https:\/\/radiostudiow.com.br\/site\/2025\/02\/04\/carro-tomba-na-br-153-em-general-carneiro\/","title":{"rendered":"Carro tomba na BR-153 em General Carneiro"},"content":{"rendered":"\n<p>Na noite do \u00faltimo domingo, 2, por volta das 21h55, equipes do Corpo de Bombeiros e do Servi\u00e7o de Atendimento M\u00f3vel de Urg\u00eancia (SAMU) atenderam a uma ocorr\u00eancia de acidente na rodovia BR-153, na altura do quil\u00f4metro 513, na cidade de General Carneiro.<\/p>\n\n\n\n<figure class=\"wp-block-image size-full\"><img loading=\"lazy\" decoding=\"async\" width=\"897\" height=\"204\" src=\"https:\/\/radiostudiow.com.br\/site\/wp-content\/uploads\/2025\/01\/SITE-GRANDE3.png\" alt=\"\" class=\"wp-image-32900\" srcset=\"https:\/\/radiostudiow.com.br\/site\/wp-content\/uploads\/2025\/01\/SITE-GRANDE3.png 897w, https:\/\/radiostudiow.com.br\/site\/wp-content\/uploads\/2025\/01\/SITE-GRANDE3-300x68.png 300w, https:\/\/radiostudiow.com.br\/site\/wp-content\/uploads\/2025\/01\/SITE-GRANDE3-768x175.png 768w\" sizes=\"auto, (max-width: 897px) 100vw, 897px\" \/><\/figure>\n\n\n\n<p>Segundo informa\u00e7\u00f5es, o acidente envolveu um ve\u00edculo Fiat\/Mobi de cor branca, que saiu da pista e tombou.<\/p>\n\n\n\n<p>Ao chegarem ao local, as equipes de resgate constataram que n\u00e3o havia v\u00edtimas no interior do autom\u00f3vel, sendo que apenas o ve\u00edculo foi encontrado.<\/p>\n","protected":false},"excerpt":{"rendered":"<p>Na noite do \u00faltimo domingo, 2, por volta das 21h55, equipes do Corpo de Bombeiros e do Servi\u00e7o de Atendimento M\u00f3vel de Urg\u00eancia (SAMU) atenderam a uma ocorr\u00eancia de acidente na rodovia BR-153, na altura do quil\u00f4metro 513, na cidade de General Carneiro. Segundo informa\u00e7\u00f5es, o acidente envolveu um ve\u00edculo Fiat\/Mobi de cor branca, que [&hellip;]<\/p>\n","protected":false},"author":2,"featured_media":33679,"comment_status":"open","ping_status":"open","sticky":false,"template":"","format":"standard","meta":{"footnotes":""},"categories":[185],"tags":[172],"class_list":["post-33678","post","type-post","status-publish","format-standard","has-post-thumbnail","hentry","category-regional","tag-featured"],"amp_enabled":true,"_links":{"self":[{"href":"https:\/\/radiostudiow.com.br\/site\/wp-json\/wp\/v2\/posts\/33678","targetHints":{"allow":["GET"]}}],"collection":[{"href":"https:\/\/radiostudiow.com.br\/site\/wp-json\/wp\/v2\/posts"}],"about":[{"href":"https:\/\/radiostudiow.com.br\/site\/wp-json\/wp\/v2\/types\/post"}],"author":[{"embeddable":true,"href":"https:\/\/radiostudiow.com.br\/site\/wp-json\/wp\/v2\/users\/2"}],"replies":[{"embeddable":true,"href":"https:\/\/radiostudiow.com.br\/site\/wp-json\/wp\/v2\/comments?post=33678"}],"version-history":[{"count":1,"href":"https:\/\/radiostudiow.com.br\/site\/wp-json\/wp\/v2\/posts\/33678\/revisions"}],"predecessor-version":[{"id":33680,"href":"https:\/\/radiostudiow.com.br\/site\/wp-json\/wp\/v2\/posts\/33678\/revisions\/33680"}],"wp:featuredmedia":[{"embeddable":true,"href":"https:\/\/radiostudiow.com.br\/site\/wp-json\/wp\/v2\/media\/33679"}],"wp:attachment":[{"href":"https:\/\/radiostudiow.com.br\/site\/wp-json\/wp\/v2\/media?parent=33678"}],"wp:term":[{"taxonomy":"category","embeddable":true,"href":"https:\/\/radiostudiow.com.br\/site\/wp-json\/wp\/v2\/categories?post=33678"},{"taxonomy":"post_tag","embeddable":true,"href":"https:\/\/radiostudiow.com.br\/site\/wp-json\/wp\/v2\/tags?post=33678"}],"curies":[{"name":"wp","href":"https:\/\/api.w.org\/{rel}","templated":true}]}}