{"id":3368,"date":"2021-08-24T17:29:03","date_gmt":"2021-08-24T20:29:03","guid":{"rendered":"https:\/\/radiostudiow.com.br\/site\/?p=3368"},"modified":"2025-01-31T15:12:30","modified_gmt":"2025-01-31T18:12:30","slug":"caminhoneiro-e-feito-de-refem-durante-roubo-em-paranagua-e-solto-pelos-assaltantes-em-prudentopolis","status":"publish","type":"post","link":"https:\/\/radiostudiow.com.br\/site\/2021\/08\/24\/caminhoneiro-e-feito-de-refem-durante-roubo-em-paranagua-e-solto-pelos-assaltantes-em-prudentopolis\/","title":{"rendered":"Caminhoneiro \u00e9 feito de ref\u00e9m durante roubo em Paranagu\u00e1, \u00e9 solto pelos assaltantes em Prudent\u00f3polis"},"content":{"rendered":"\n<p>A equipe da Pol\u00edcia Militar de Prudent\u00f3polis recebeu informa\u00e7\u00e3o que um caminhoneiro v\u00edtima de roubo estaria na localidade de Ponte Alta.<\/p>\n\n\n\n<p>No local os policiais entraram em contato com o motorista do caminh\u00e3o, o qual passou a relatar que estava no p\u00e1tio do posto de combust\u00edvel na cidade de Paranagu\u00e1, quando por volta das 16:30 horas desse domingo, 22 de agosto, um ve\u00edculo VW\/GOL na cor branca se aproximou do caminh\u00e3o e dois indiv\u00edduos com armas de fogo o renderam. Os assaltantes mandaram a v\u00edtima deitar e o amarraram.<\/p>\n\n\n\n<p>O caminhoneiro ainda afirmou que durante todo o trajeto de Paranagu\u00e1 at\u00e9 Prudent\u00f3polis permaneceu deitado dentro do ve\u00edculo e desembarcaram a v\u00edtima durante a madrugada na localidade de Ponte Alta e um dos autores permaneceu no local com a vitima at\u00e9 \u00e0s 07:00 horas dessa segunda \u2013 feira (23).<\/p>\n\n\n\n<p>Segundos depois de ficar sozinho, conseguiu se soltar e procurar por ajuda.<\/p>\n\n\n\n<p>A vitima ainda relatou que o caminh\u00e3o se tratava de um Bitrem Scania\/G 380 a 4&#215;2 carretas Randon o qual estava carregado com 32 mil litros de \u00f3leo vegetal. Foi confeccionado o BOU e orientado a vitima quantos aos procedimentos cab\u00edveis.<\/p>\n\n\n\n<figure class=\"wp-block-image size-full\"><img decoding=\"async\" src=\"https:\/\/radiostudiow.com.br\/site\/wp-content\/uploads\/2021\/08\/HF-MALLET.jpg\" alt=\"\" class=\"wp-image-3369\"\/><\/figure>\n","protected":false},"excerpt":{"rendered":"<p>A equipe da Pol\u00edcia Militar de Prudent\u00f3polis recebeu informa\u00e7\u00e3o que um caminhoneiro v\u00edtima de roubo estaria na localidade de Ponte Alta. No local os policiais entraram em contato com o motorista do caminh\u00e3o, o qual passou a relatar que estava no p\u00e1tio do posto de combust\u00edvel na cidade de Paranagu\u00e1, quando por volta das 16:30 [&hellip;]<\/p>\n","protected":false},"author":2,"featured_media":3370,"comment_status":"open","ping_status":"open","sticky":false,"template":"","format":"standard","meta":{"footnotes":""},"categories":[2],"tags":[172],"class_list":["post-3368","post","type-post","status-publish","format-standard","has-post-thumbnail","hentry","category-policial","tag-featured"],"amp_enabled":true,"_links":{"self":[{"href":"https:\/\/radiostudiow.com.br\/site\/wp-json\/wp\/v2\/posts\/3368","targetHints":{"allow":["GET"]}}],"collection":[{"href":"https:\/\/radiostudiow.com.br\/site\/wp-json\/wp\/v2\/posts"}],"about":[{"href":"https:\/\/radiostudiow.com.br\/site\/wp-json\/wp\/v2\/types\/post"}],"author":[{"embeddable":true,"href":"https:\/\/radiostudiow.com.br\/site\/wp-json\/wp\/v2\/users\/2"}],"replies":[{"embeddable":true,"href":"https:\/\/radiostudiow.com.br\/site\/wp-json\/wp\/v2\/comments?post=3368"}],"version-history":[{"count":1,"href":"https:\/\/radiostudiow.com.br\/site\/wp-json\/wp\/v2\/posts\/3368\/revisions"}],"predecessor-version":[{"id":3371,"href":"https:\/\/radiostudiow.com.br\/site\/wp-json\/wp\/v2\/posts\/3368\/revisions\/3371"}],"wp:featuredmedia":[{"embeddable":true,"href":"https:\/\/radiostudiow.com.br\/site\/wp-json\/wp\/v2\/media\/3370"}],"wp:attachment":[{"href":"https:\/\/radiostudiow.com.br\/site\/wp-json\/wp\/v2\/media?parent=3368"}],"wp:term":[{"taxonomy":"category","embeddable":true,"href":"https:\/\/radiostudiow.com.br\/site\/wp-json\/wp\/v2\/categories?post=3368"},{"taxonomy":"post_tag","embeddable":true,"href":"https:\/\/radiostudiow.com.br\/site\/wp-json\/wp\/v2\/tags?post=3368"}],"curies":[{"name":"wp","href":"https:\/\/api.w.org\/{rel}","templated":true}]}}