{"id":33692,"date":"2025-02-04T12:08:09","date_gmt":"2025-02-04T15:08:09","guid":{"rendered":"https:\/\/radiostudiow.com.br\/site\/?p=33692"},"modified":"2025-02-04T12:08:09","modified_gmt":"2025-02-04T15:08:09","slug":"tombamento-de-caminhao-na-br-476-entre-sao-mateus-do-sul-e-lapa","status":"publish","type":"post","link":"https:\/\/radiostudiow.com.br\/site\/2025\/02\/04\/tombamento-de-caminhao-na-br-476-entre-sao-mateus-do-sul-e-lapa\/","title":{"rendered":"Tombamento de Caminh\u00e3o na BR-476 entre S\u00e3o Mateus do Sul e Lapa"},"content":{"rendered":"\n<p>Na manh\u00e3 desta ter\u00e7a-feira, 04 de fevereiro, um caminh\u00e3o tombou na BR-476, no trecho entre S\u00e3o Mateus do Sul e Lapa, pr\u00f3ximo ao restaurante Palmeirinha.<\/p>\n\n\n\n<figure class=\"wp-block-image size-full\"><img loading=\"lazy\" decoding=\"async\" width=\"897\" height=\"204\" src=\"https:\/\/radiostudiow.com.br\/site\/wp-content\/uploads\/2025\/01\/SITE-GRANDE.png\" alt=\"\" class=\"wp-image-32809\" srcset=\"https:\/\/radiostudiow.com.br\/site\/wp-content\/uploads\/2025\/01\/SITE-GRANDE.png 897w, https:\/\/radiostudiow.com.br\/site\/wp-content\/uploads\/2025\/01\/SITE-GRANDE-300x68.png 300w, https:\/\/radiostudiow.com.br\/site\/wp-content\/uploads\/2025\/01\/SITE-GRANDE-768x175.png 768w\" sizes=\"auto, (max-width: 897px) 100vw, 897px\" \/><\/figure>\n\n\n\n<p>De acordo com informa\u00e7\u00f5es preliminares, o acidente aconteceu ap\u00f3s o motorista desviar de um buraco na pista, o que fez a carga balan\u00e7ar e o ve\u00edculo perder o controle, saindo da estrada e tombando.<\/p>\n\n\n\n<p>A Pol\u00edcia Rodovi\u00e1ria Federal foi acionada para registrar a ocorr\u00eancia e gerenciar a situa\u00e7\u00e3o no local.<\/p>\n\n\n\n<p><a href=\"mailto:?subject=Tombamento%20de%20Caminh%C3%A3o%20na%20BR-476&amp;body=https:\/\/www.vvale.com.br\/transito\/tombamento-de-caminhao-na-br-476\/\" target=\"_blank\" rel=\"noreferrer noopener\"><\/a><\/p>\n","protected":false},"excerpt":{"rendered":"<p>Na manh\u00e3 desta ter\u00e7a-feira, 04 de fevereiro, um caminh\u00e3o tombou na BR-476, no trecho entre S\u00e3o Mateus do Sul e Lapa, pr\u00f3ximo ao restaurante Palmeirinha. De acordo com informa\u00e7\u00f5es preliminares, o acidente aconteceu ap\u00f3s o motorista desviar de um buraco na pista, o que fez a carga balan\u00e7ar e o ve\u00edculo perder o controle, saindo [&hellip;]<\/p>\n","protected":false},"author":2,"featured_media":0,"comment_status":"open","ping_status":"open","sticky":false,"template":"","format":"standard","meta":{"footnotes":""},"categories":[185],"tags":[172],"class_list":["post-33692","post","type-post","status-publish","format-standard","hentry","category-regional","tag-featured"],"amp_enabled":true,"_links":{"self":[{"href":"https:\/\/radiostudiow.com.br\/site\/wp-json\/wp\/v2\/posts\/33692","targetHints":{"allow":["GET"]}}],"collection":[{"href":"https:\/\/radiostudiow.com.br\/site\/wp-json\/wp\/v2\/posts"}],"about":[{"href":"https:\/\/radiostudiow.com.br\/site\/wp-json\/wp\/v2\/types\/post"}],"author":[{"embeddable":true,"href":"https:\/\/radiostudiow.com.br\/site\/wp-json\/wp\/v2\/users\/2"}],"replies":[{"embeddable":true,"href":"https:\/\/radiostudiow.com.br\/site\/wp-json\/wp\/v2\/comments?post=33692"}],"version-history":[{"count":1,"href":"https:\/\/radiostudiow.com.br\/site\/wp-json\/wp\/v2\/posts\/33692\/revisions"}],"predecessor-version":[{"id":33695,"href":"https:\/\/radiostudiow.com.br\/site\/wp-json\/wp\/v2\/posts\/33692\/revisions\/33695"}],"wp:attachment":[{"href":"https:\/\/radiostudiow.com.br\/site\/wp-json\/wp\/v2\/media?parent=33692"}],"wp:term":[{"taxonomy":"category","embeddable":true,"href":"https:\/\/radiostudiow.com.br\/site\/wp-json\/wp\/v2\/categories?post=33692"},{"taxonomy":"post_tag","embeddable":true,"href":"https:\/\/radiostudiow.com.br\/site\/wp-json\/wp\/v2\/tags?post=33692"}],"curies":[{"name":"wp","href":"https:\/\/api.w.org\/{rel}","templated":true}]}}