{"id":33696,"date":"2025-02-04T12:14:54","date_gmt":"2025-02-04T15:14:54","guid":{"rendered":"https:\/\/radiostudiow.com.br\/site\/?p=33696"},"modified":"2025-02-04T12:14:54","modified_gmt":"2025-02-04T15:14:54","slug":"homem-e-preso-por-violencia-domestica-em-uniao-da-vitoria-3","status":"publish","type":"post","link":"https:\/\/radiostudiow.com.br\/site\/2025\/02\/04\/homem-e-preso-por-violencia-domestica-em-uniao-da-vitoria-3\/","title":{"rendered":"Homem \u00e9 preso por viol\u00eancia dom\u00e9stica em Uni\u00e3o da Vit\u00f3ria"},"content":{"rendered":"\n<p>A equipe da Pol\u00edcia Militar de Uni\u00e3o da Vit\u00f3ria se deslocou para averiguar situa\u00e7\u00e3o de les\u00e3o corporal e viol\u00eancia dom\u00e9stica por volta das 03h10min no bairro Cidade Jardim nessa segunda-feira (03).<\/p>\n\n\n\n<figure class=\"wp-block-image size-full\"><img loading=\"lazy\" decoding=\"async\" width=\"897\" height=\"204\" src=\"https:\/\/radiostudiow.com.br\/site\/wp-content\/uploads\/2025\/01\/SITE-GRANDE5.png\" alt=\"\" class=\"wp-image-32814\" srcset=\"https:\/\/radiostudiow.com.br\/site\/wp-content\/uploads\/2025\/01\/SITE-GRANDE5.png 897w, https:\/\/radiostudiow.com.br\/site\/wp-content\/uploads\/2025\/01\/SITE-GRANDE5-300x68.png 300w, https:\/\/radiostudiow.com.br\/site\/wp-content\/uploads\/2025\/01\/SITE-GRANDE5-768x175.png 768w\" sizes=\"auto, (max-width: 897px) 100vw, 897px\" \/><\/figure>\n\n\n\n<p>Em contato com a v\u00edtima que apresentava ferimentos na regi\u00e3o do rosto e bra\u00e7os, causadas pelo seu convivente relatou tamb\u00e9m que foi amea\u00e7ada de morte.<\/p>\n\n\n\n<p>Ap\u00f3s atendimento pr\u00e9vio da v\u00edtima, o autor foi localizado na via p\u00fablica e foi preso em flagrante. Posteriormente, as partes foram encaminhadas at\u00e9 a UPA de Uni\u00e3o da Vit\u00f3ria e, por fim, apresentadas perante a delegacia de pol\u00edcia para as provid\u00eancias cab\u00edveis<\/p>\n","protected":false},"excerpt":{"rendered":"<p>A equipe da Pol\u00edcia Militar de Uni\u00e3o da Vit\u00f3ria se deslocou para averiguar situa\u00e7\u00e3o de les\u00e3o corporal e viol\u00eancia dom\u00e9stica por volta das 03h10min no bairro Cidade Jardim nessa segunda-feira (03). Em contato com a v\u00edtima que apresentava ferimentos na regi\u00e3o do rosto e bra\u00e7os, causadas pelo seu convivente relatou tamb\u00e9m que foi amea\u00e7ada de [&hellip;]<\/p>\n","protected":false},"author":2,"featured_media":32793,"comment_status":"open","ping_status":"open","sticky":false,"template":"","format":"standard","meta":{"footnotes":""},"categories":[2],"tags":[172],"class_list":["post-33696","post","type-post","status-publish","format-standard","has-post-thumbnail","hentry","category-policial","tag-featured"],"amp_enabled":true,"_links":{"self":[{"href":"https:\/\/radiostudiow.com.br\/site\/wp-json\/wp\/v2\/posts\/33696","targetHints":{"allow":["GET"]}}],"collection":[{"href":"https:\/\/radiostudiow.com.br\/site\/wp-json\/wp\/v2\/posts"}],"about":[{"href":"https:\/\/radiostudiow.com.br\/site\/wp-json\/wp\/v2\/types\/post"}],"author":[{"embeddable":true,"href":"https:\/\/radiostudiow.com.br\/site\/wp-json\/wp\/v2\/users\/2"}],"replies":[{"embeddable":true,"href":"https:\/\/radiostudiow.com.br\/site\/wp-json\/wp\/v2\/comments?post=33696"}],"version-history":[{"count":1,"href":"https:\/\/radiostudiow.com.br\/site\/wp-json\/wp\/v2\/posts\/33696\/revisions"}],"predecessor-version":[{"id":33697,"href":"https:\/\/radiostudiow.com.br\/site\/wp-json\/wp\/v2\/posts\/33696\/revisions\/33697"}],"wp:featuredmedia":[{"embeddable":true,"href":"https:\/\/radiostudiow.com.br\/site\/wp-json\/wp\/v2\/media\/32793"}],"wp:attachment":[{"href":"https:\/\/radiostudiow.com.br\/site\/wp-json\/wp\/v2\/media?parent=33696"}],"wp:term":[{"taxonomy":"category","embeddable":true,"href":"https:\/\/radiostudiow.com.br\/site\/wp-json\/wp\/v2\/categories?post=33696"},{"taxonomy":"post_tag","embeddable":true,"href":"https:\/\/radiostudiow.com.br\/site\/wp-json\/wp\/v2\/tags?post=33696"}],"curies":[{"name":"wp","href":"https:\/\/api.w.org\/{rel}","templated":true}]}}