{"id":33698,"date":"2025-02-04T12:18:01","date_gmt":"2025-02-04T15:18:01","guid":{"rendered":"https:\/\/radiostudiow.com.br\/site\/?p=33698"},"modified":"2025-02-04T12:18:01","modified_gmt":"2025-02-04T15:18:01","slug":"pm-presta-apoio-em-atendimento-do-samu-de-uniao-da-vitoria","status":"publish","type":"post","link":"https:\/\/radiostudiow.com.br\/site\/2025\/02\/04\/pm-presta-apoio-em-atendimento-do-samu-de-uniao-da-vitoria\/","title":{"rendered":"PM presta apoio em atendimento do SAMU de Uni\u00e3o da Vit\u00f3ria"},"content":{"rendered":"\n<p>A equipe da Pol\u00edcia Militar de Uni\u00e3o da Vit\u00f3ria foi solicitada para prestar apoio ao SAMU na condu\u00e7\u00e3o um homem em surto psic\u00f3tico por volta das 15 horas.<\/p>\n\n\n\n<figure class=\"wp-block-image size-full\"><img loading=\"lazy\" decoding=\"async\" width=\"300\" height=\"180\" src=\"https:\/\/radiostudiow.com.br\/site\/wp-content\/uploads\/2025\/01\/SITE-PEQUENO.png\" alt=\"\" class=\"wp-image-32833\"\/><\/figure>\n\n\n\n<p>O SAMU deveria encaminh\u00e1-lo \u00e0 UPA para atendimento, por\u00e9m ele n\u00e3o estava colaborativo. A equipe policial conseguiu resolver a situa\u00e7\u00e3o juntamente com o SAMU e o homem foi levado para atendimento m\u00e9dico.<\/p>\n\n\n\n<p>Posteriormente o homem foi identificado como o causador de uma Perturba\u00e7\u00e3o do Trabalho em um com\u00e9rcio na parte da manh\u00e3 no centro da cidade.<\/p>\n","protected":false},"excerpt":{"rendered":"<p>A equipe da Pol\u00edcia Militar de Uni\u00e3o da Vit\u00f3ria foi solicitada para prestar apoio ao SAMU na condu\u00e7\u00e3o um homem em surto psic\u00f3tico por volta das 15 horas. O SAMU deveria encaminh\u00e1-lo \u00e0 UPA para atendimento, por\u00e9m ele n\u00e3o estava colaborativo. A equipe policial conseguiu resolver a situa\u00e7\u00e3o juntamente com o SAMU e o homem [&hellip;]<\/p>\n","protected":false},"author":2,"featured_media":29243,"comment_status":"open","ping_status":"open","sticky":false,"template":"","format":"standard","meta":{"footnotes":""},"categories":[2],"tags":[172],"class_list":["post-33698","post","type-post","status-publish","format-standard","has-post-thumbnail","hentry","category-policial","tag-featured"],"amp_enabled":true,"_links":{"self":[{"href":"https:\/\/radiostudiow.com.br\/site\/wp-json\/wp\/v2\/posts\/33698","targetHints":{"allow":["GET"]}}],"collection":[{"href":"https:\/\/radiostudiow.com.br\/site\/wp-json\/wp\/v2\/posts"}],"about":[{"href":"https:\/\/radiostudiow.com.br\/site\/wp-json\/wp\/v2\/types\/post"}],"author":[{"embeddable":true,"href":"https:\/\/radiostudiow.com.br\/site\/wp-json\/wp\/v2\/users\/2"}],"replies":[{"embeddable":true,"href":"https:\/\/radiostudiow.com.br\/site\/wp-json\/wp\/v2\/comments?post=33698"}],"version-history":[{"count":1,"href":"https:\/\/radiostudiow.com.br\/site\/wp-json\/wp\/v2\/posts\/33698\/revisions"}],"predecessor-version":[{"id":33699,"href":"https:\/\/radiostudiow.com.br\/site\/wp-json\/wp\/v2\/posts\/33698\/revisions\/33699"}],"wp:featuredmedia":[{"embeddable":true,"href":"https:\/\/radiostudiow.com.br\/site\/wp-json\/wp\/v2\/media\/29243"}],"wp:attachment":[{"href":"https:\/\/radiostudiow.com.br\/site\/wp-json\/wp\/v2\/media?parent=33698"}],"wp:term":[{"taxonomy":"category","embeddable":true,"href":"https:\/\/radiostudiow.com.br\/site\/wp-json\/wp\/v2\/categories?post=33698"},{"taxonomy":"post_tag","embeddable":true,"href":"https:\/\/radiostudiow.com.br\/site\/wp-json\/wp\/v2\/tags?post=33698"}],"curies":[{"name":"wp","href":"https:\/\/api.w.org\/{rel}","templated":true}]}}