{"id":33705,"date":"2025-02-04T18:47:32","date_gmt":"2025-02-04T21:47:32","guid":{"rendered":"https:\/\/radiostudiow.com.br\/site\/?p=33705"},"modified":"2025-02-04T18:47:33","modified_gmt":"2025-02-04T21:47:33","slug":"04-de-fevereiro-dia-mundial-de-combate-ao-cancer","status":"publish","type":"post","link":"https:\/\/radiostudiow.com.br\/site\/2025\/02\/04\/04-de-fevereiro-dia-mundial-de-combate-ao-cancer\/","title":{"rendered":"04 de fevereiro: Dia Mundial de Combate ao C\u00e2ncer"},"content":{"rendered":"\n<p>Hoje, dia 04 de fevereiro, \u00e9 um dia importante para voc\u00ea se conscientizar sobre a import\u00e2ncia de se ter h\u00e1bitos saud\u00e1veis para prevenir o c\u00e2ncer, a segunda doen\u00e7a que mais mata no mundo, segundo a Organiza\u00e7\u00e3o Mundial de Sa\u00fade (OMS).<\/p>\n\n\n\n<figure class=\"wp-block-image size-full\"><img loading=\"lazy\" decoding=\"async\" width=\"598\" height=\"204\" src=\"https:\/\/radiostudiow.com.br\/site\/wp-content\/uploads\/2025\/01\/SITE-MEDIO.png\" alt=\"\" class=\"wp-image-32810\" srcset=\"https:\/\/radiostudiow.com.br\/site\/wp-content\/uploads\/2025\/01\/SITE-MEDIO.png 598w, https:\/\/radiostudiow.com.br\/site\/wp-content\/uploads\/2025\/01\/SITE-MEDIO-300x102.png 300w\" sizes=\"auto, (max-width: 598px) 100vw, 598px\" \/><\/figure>\n\n\n\n<p>Al\u00e9m dos cuidados essenciais que ajudam na preven\u00e7\u00e3o, \u00e9 fundamental estarmos atentos \u00e0 import\u00e2ncia do diagn\u00f3stico precoce. Fazer exames regulares s\u00e3o aliados poderosos na luta contra o c\u00e2ncer.&nbsp;<\/p>\n\n\n\n<p><strong>Lembre-se: preven\u00e7\u00e3o, informa\u00e7\u00e3o e cuidado s\u00e3o as principais armas nessa jornada!\u00a0<\/strong><\/p>\n\n\n\n<p>A CAAF tem o seu papel importante nessa luta. Acolhem anualmente muitos pacientes oncol\u00f3gicos, sabendo que oferecer um CUIDADO DIGNO \u00e9 oferecer tempo de VIDA.<\/p>\n","protected":false},"excerpt":{"rendered":"<p>Hoje, dia 04 de fevereiro, \u00e9 um dia importante para voc\u00ea se conscientizar sobre a import\u00e2ncia de se ter h\u00e1bitos saud\u00e1veis para prevenir o c\u00e2ncer, a segunda doen\u00e7a que mais mata no mundo, segundo a Organiza\u00e7\u00e3o Mundial de Sa\u00fade (OMS). Al\u00e9m dos cuidados essenciais que ajudam na preven\u00e7\u00e3o, \u00e9 fundamental estarmos atentos \u00e0 import\u00e2ncia do [&hellip;]<\/p>\n","protected":false},"author":2,"featured_media":33707,"comment_status":"open","ping_status":"open","sticky":false,"template":"","format":"standard","meta":{"footnotes":""},"categories":[182],"tags":[172],"class_list":["post-33705","post","type-post","status-publish","format-standard","has-post-thumbnail","hentry","category-saude","tag-featured"],"amp_enabled":true,"_links":{"self":[{"href":"https:\/\/radiostudiow.com.br\/site\/wp-json\/wp\/v2\/posts\/33705","targetHints":{"allow":["GET"]}}],"collection":[{"href":"https:\/\/radiostudiow.com.br\/site\/wp-json\/wp\/v2\/posts"}],"about":[{"href":"https:\/\/radiostudiow.com.br\/site\/wp-json\/wp\/v2\/types\/post"}],"author":[{"embeddable":true,"href":"https:\/\/radiostudiow.com.br\/site\/wp-json\/wp\/v2\/users\/2"}],"replies":[{"embeddable":true,"href":"https:\/\/radiostudiow.com.br\/site\/wp-json\/wp\/v2\/comments?post=33705"}],"version-history":[{"count":2,"href":"https:\/\/radiostudiow.com.br\/site\/wp-json\/wp\/v2\/posts\/33705\/revisions"}],"predecessor-version":[{"id":33708,"href":"https:\/\/radiostudiow.com.br\/site\/wp-json\/wp\/v2\/posts\/33705\/revisions\/33708"}],"wp:featuredmedia":[{"embeddable":true,"href":"https:\/\/radiostudiow.com.br\/site\/wp-json\/wp\/v2\/media\/33707"}],"wp:attachment":[{"href":"https:\/\/radiostudiow.com.br\/site\/wp-json\/wp\/v2\/media?parent=33705"}],"wp:term":[{"taxonomy":"category","embeddable":true,"href":"https:\/\/radiostudiow.com.br\/site\/wp-json\/wp\/v2\/categories?post=33705"},{"taxonomy":"post_tag","embeddable":true,"href":"https:\/\/radiostudiow.com.br\/site\/wp-json\/wp\/v2\/tags?post=33705"}],"curies":[{"name":"wp","href":"https:\/\/api.w.org\/{rel}","templated":true}]}}