{"id":33709,"date":"2025-02-04T18:53:56","date_gmt":"2025-02-04T21:53:56","guid":{"rendered":"https:\/\/radiostudiow.com.br\/site\/?p=33709"},"modified":"2025-02-04T18:53:57","modified_gmt":"2025-02-04T21:53:57","slug":"secretaria-da-saude-adota-novo-calendario-para-contabilizar-casos-de-dengue-no-parana","status":"publish","type":"post","link":"https:\/\/radiostudiow.com.br\/site\/2025\/02\/04\/secretaria-da-saude-adota-novo-calendario-para-contabilizar-casos-de-dengue-no-parana\/","title":{"rendered":"Secretaria da Sa\u00fade adota novo calend\u00e1rio para contabilizar casos de dengue no Paran\u00e1"},"content":{"rendered":"\n<p>A partir desta ter\u00e7a-feira (4), a Secretaria de Estado da Sa\u00fade (Sesa) adota um novo calend\u00e1rio para contabilizar os dados do Informe Epidemiol\u00f3gico de Arboviroses. Agora, a avalia\u00e7\u00e3o do per\u00edodo epidemiol\u00f3gico inicia no dia 1\u00ba de janeiro e vai at\u00e9 31 de dezembro do mesmo ano.<\/p>\n\n\n\n<p>Antes, no Paran\u00e1, a contagem de casos confirmados, suspeitos e \u00f3bitos iniciava e finalizava entre julho de um ano e agosto do ano seguinte por conta do per\u00edodo sazonal da doen\u00e7a. No entanto, ocorreu mudan\u00e7a no cen\u00e1rio epidemiol\u00f3gico do Paran\u00e1, sendo registrados casos de dengue no ano inteiro, com, na m\u00e9dia, 89% dos casos notificados em todo o primeiro semestre, a partir de 2020.<\/p>\n\n\n\n<figure class=\"wp-block-image size-full\"><img loading=\"lazy\" decoding=\"async\" width=\"598\" height=\"204\" src=\"https:\/\/radiostudiow.com.br\/site\/wp-content\/uploads\/2025\/01\/SITE-MEDIO.png\" alt=\"\" class=\"wp-image-32810\" srcset=\"https:\/\/radiostudiow.com.br\/site\/wp-content\/uploads\/2025\/01\/SITE-MEDIO.png 598w, https:\/\/radiostudiow.com.br\/site\/wp-content\/uploads\/2025\/01\/SITE-MEDIO-300x102.png 300w\" sizes=\"auto, (max-width: 598px) 100vw, 598px\" \/><\/figure>\n\n\n\n<p>A mudan\u00e7a tamb\u00e9m acompanhar\u00e1 a execu\u00e7\u00e3o dos ciclos de pesquisa vetorial do mosquito&nbsp;Aedes aegypti&nbsp;e facilitar\u00e1 a compreens\u00e3o e an\u00e1lise para toda a sociedade, al\u00e9m do maior alinhamento com o Minist\u00e9rio da Sa\u00fade, que tamb\u00e9m segue esse per\u00edodo (janeiro a dezembro).<\/p>\n\n\n\n<p><strong><em>\u201cA dengue deixou de ser uma doen\u00e7a sazonal. \u00c9 comum no ano inteiro, com picos de casos nos primeiros meses do ano. Estamos trabalhando em v\u00e1rias frentes e essa mudan\u00e7a trar\u00e1 mais clareza, com a colabora\u00e7\u00e3o de todos para que os dados sejam acompanhados e sirvam de alerta e cuidado\u201d, disse o secret\u00e1rio de Estado da Sa\u00fade, Beto Preto.<\/em><\/strong><\/p>\n\n\n\n<p>De 1991 at\u00e9 2011, as notifica\u00e7\u00f5es e confirma\u00e7\u00f5es eram realizadas por ano\/calend\u00e1rio completo (janeiro a dezembro). A partir de 2010 a contagem passou a ser de julho de um ano at\u00e9 agosto do pr\u00f3ximo ano (per\u00edodo sazonal).<\/p>\n\n\n\n<p>De acordo com a diretora de Aten\u00e7\u00e3o e Vigil\u00e2ncia em Sa\u00fade da Sesa, Maria Goretti Lopes, essa altera\u00e7\u00e3o auxilia no entendimento por parte dos t\u00e9cnicos, gestores, imprensa e a popula\u00e7\u00e3o em geral.<strong><em> \u201cPoderemos dizer agora, que em 2025, tivemos 2.569 casos confirmados ou que desde o in\u00edcio do ano tivemos um \u00f3bito, sem a necessidade de mencionar casos do ano anterior. Esse novo calend\u00e1rio trar\u00e1 mais clareza e entendimento, com certeza\u201d, explicou.<\/em><\/strong><\/p>\n\n\n\n<figure class=\"wp-block-image size-full\"><img loading=\"lazy\" decoding=\"async\" width=\"900\" height=\"408\" src=\"https:\/\/radiostudiow.com.br\/site\/wp-content\/uploads\/2025\/01\/SITE-E-TV.png\" alt=\"\" class=\"wp-image-33052\" srcset=\"https:\/\/radiostudiow.com.br\/site\/wp-content\/uploads\/2025\/01\/SITE-E-TV.png 900w, https:\/\/radiostudiow.com.br\/site\/wp-content\/uploads\/2025\/01\/SITE-E-TV-300x136.png 300w, https:\/\/radiostudiow.com.br\/site\/wp-content\/uploads\/2025\/01\/SITE-E-TV-768x348.png 768w\" sizes=\"auto, (max-width: 900px) 100vw, 900px\" \/><\/figure>\n\n\n\n<p><strong>NOVO BOLETIM&nbsp;\u2013<\/strong>&nbsp;J\u00e1 com o novo calend\u00e1rio em vigor, a Coordenadoria Estadual de Vigil\u00e2ncia Ambiental publicou nesta ter\u00e7a-feira (04) o novo informe semanal da dengue. Foram registrados neste ano 2.569 novos casos da doen\u00e7a e um \u00f3bito. Os dados do atual per\u00edodo epidemiol\u00f3gico, iniciado em 1\u00ba de janeiro de 2025, somam 15.818 notifica\u00e7\u00f5es, 2.569 diagn\u00f3sticos confirmados e uma morte.<\/p>\n\n\n\n<p>O novo \u00f3bito, ocorrido em 18 de janeiro, \u00e9 de uma paciente de 91 anos, com comorbidades, que residia no munic\u00edpio de Jaguapit\u00e3, na 17\u00aa Regional de Sa\u00fade de Londrina.<\/p>\n\n\n\n<p>No total, 336 munic\u00edpios j\u00e1 apresentaram notifica\u00e7\u00f5es da doen\u00e7a, transmitida pelo mosquito&nbsp;Aedes aegypti, e 154 possuem casos confirmados.<\/p>\n\n\n\n<p>As regionais com os maiores n\u00fameros de casos confirmados neste per\u00edodo epidemiol\u00f3gico s\u00e3o a 14\u00aa Regional de Sa\u00fade de Paranava\u00ed (899), 17\u00aa Regional de Sa\u00fade de Londrina (381); 13\u00aa Regional de Sa\u00fade de Cianorte (275), 12\u00aa Regional de Sa\u00fade de Umuarama (171) e Jacarezinho (143).<\/p>\n\n\n\n<p><strong>ARBOVIROSES&nbsp;\u2013<\/strong>&nbsp;A publica\u00e7\u00e3o traz ainda dados sobre Chikungunya e Zika, doen\u00e7as que tamb\u00e9m t\u00eam como vetor o mosquito Aedes aegypti. No per\u00edodo atual, foram contabilizados 60 casos confirmados de Chikungunya, com um total de 263 notifica\u00e7\u00f5es da doen\u00e7a no Estado. No que se refere ao Zika V\u00edrus, foram 5 notifica\u00e7\u00f5es, sem casos confirmados.<\/p>\n\n\n\n<p>Confira o Informe Semanal completo&nbsp;<a href=\"https:\/\/www.documentador.pr.gov.br\/documentador\/pub.do?action=d&amp;uuid=@gtf-escriba-sesa@c0b4fa85-18bc-42bf-ba97-2fc3c8165450&amp;emPg=true\" target=\"_blank\" rel=\"noreferrer noopener\"><strong>AQUI<\/strong><\/a>. Mais informa\u00e7\u00f5es sobre a dengue est\u00e3o&nbsp;neste&nbsp;<a href=\"https:\/\/www.dengue.pr.gov.br\/Pagina\/Boletins-da-Dengue\" target=\"_blank\" rel=\"noreferrer noopener\"><strong>LINK<\/strong><\/a>.<\/p>\n","protected":false},"excerpt":{"rendered":"<p>A partir desta ter\u00e7a-feira (4), a Secretaria de Estado da Sa\u00fade (Sesa) adota um novo calend\u00e1rio para contabilizar os dados do Informe Epidemiol\u00f3gico de Arboviroses. Agora, a avalia\u00e7\u00e3o do per\u00edodo epidemiol\u00f3gico inicia no dia 1\u00ba de janeiro e vai at\u00e9 31 de dezembro do mesmo ano. Antes, no Paran\u00e1, a contagem de casos confirmados, suspeitos [&hellip;]<\/p>\n","protected":false},"author":2,"featured_media":33421,"comment_status":"open","ping_status":"open","sticky":false,"template":"","format":"standard","meta":{"footnotes":""},"categories":[182],"tags":[172],"class_list":["post-33709","post","type-post","status-publish","format-standard","has-post-thumbnail","hentry","category-saude","tag-featured"],"amp_enabled":true,"_links":{"self":[{"href":"https:\/\/radiostudiow.com.br\/site\/wp-json\/wp\/v2\/posts\/33709","targetHints":{"allow":["GET"]}}],"collection":[{"href":"https:\/\/radiostudiow.com.br\/site\/wp-json\/wp\/v2\/posts"}],"about":[{"href":"https:\/\/radiostudiow.com.br\/site\/wp-json\/wp\/v2\/types\/post"}],"author":[{"embeddable":true,"href":"https:\/\/radiostudiow.com.br\/site\/wp-json\/wp\/v2\/users\/2"}],"replies":[{"embeddable":true,"href":"https:\/\/radiostudiow.com.br\/site\/wp-json\/wp\/v2\/comments?post=33709"}],"version-history":[{"count":2,"href":"https:\/\/radiostudiow.com.br\/site\/wp-json\/wp\/v2\/posts\/33709\/revisions"}],"predecessor-version":[{"id":33711,"href":"https:\/\/radiostudiow.com.br\/site\/wp-json\/wp\/v2\/posts\/33709\/revisions\/33711"}],"wp:featuredmedia":[{"embeddable":true,"href":"https:\/\/radiostudiow.com.br\/site\/wp-json\/wp\/v2\/media\/33421"}],"wp:attachment":[{"href":"https:\/\/radiostudiow.com.br\/site\/wp-json\/wp\/v2\/media?parent=33709"}],"wp:term":[{"taxonomy":"category","embeddable":true,"href":"https:\/\/radiostudiow.com.br\/site\/wp-json\/wp\/v2\/categories?post=33709"},{"taxonomy":"post_tag","embeddable":true,"href":"https:\/\/radiostudiow.com.br\/site\/wp-json\/wp\/v2\/tags?post=33709"}],"curies":[{"name":"wp","href":"https:\/\/api.w.org\/{rel}","templated":true}]}}