{"id":33716,"date":"2025-02-04T19:18:14","date_gmt":"2025-02-04T22:18:14","guid":{"rendered":"https:\/\/radiostudiow.com.br\/site\/?p=33716"},"modified":"2025-02-04T21:08:11","modified_gmt":"2025-02-05T00:08:11","slug":"colisao-frontal-na-br-277-em-fernandes-pinheiro-deixa-dois-mortos","status":"publish","type":"post","link":"https:\/\/radiostudiow.com.br\/site\/2025\/02\/04\/colisao-frontal-na-br-277-em-fernandes-pinheiro-deixa-dois-mortos\/","title":{"rendered":"Colis\u00e3o frontal na BR-277 em Fernandes Pinheiro deixa dois mortos"},"content":{"rendered":"\n<p>Por volta das 01:40 horas da madrugada dessa ter\u00e7a-feira, 04 de fevereiro, uma colis\u00e3o frontal entre um autom\u00f3vel e um caminh\u00e3o deixou dois mortos na BR-277, no km 239, em Fernandes Pinheiro. O acidente envolveu um autom\u00f3vel GM\/Corsa, de cor prata, com placas de Fernandes Pinheiro, e um caminh\u00e3o Mercedes-Benz\/AXOR, de cor azul, emplacado em Pato Branco.<\/p>\n\n\n\n<figure class=\"wp-block-image size-full\"><img loading=\"lazy\" decoding=\"async\" width=\"897\" height=\"204\" src=\"https:\/\/radiostudiow.com.br\/site\/wp-content\/uploads\/2025\/01\/SITE-GRANDE3.png\" alt=\"\" class=\"wp-image-32900\" srcset=\"https:\/\/radiostudiow.com.br\/site\/wp-content\/uploads\/2025\/01\/SITE-GRANDE3.png 897w, https:\/\/radiostudiow.com.br\/site\/wp-content\/uploads\/2025\/01\/SITE-GRANDE3-300x68.png 300w, https:\/\/radiostudiow.com.br\/site\/wp-content\/uploads\/2025\/01\/SITE-GRANDE3-768x175.png 768w\" sizes=\"auto, (max-width: 897px) 100vw, 897px\" \/><\/figure>\n\n\n\n<p>De acordo com as informa\u00e7\u00f5es, o caminh\u00e3o seguia no sentido Irati &#8211; Curitiba, enquanto o Corsa trafegava no sentido contr\u00e1rio. A colis\u00e3o foi violenta e resultou na confirma\u00e7\u00e3o do \u00f3bito dos dois ocupantes do ve\u00edculo de passeio, ambos homens, de 34 e 38 anos.<\/p>\n\n\n\n<p>O motorista do caminh\u00e3o n\u00e3o sofreu ferimentos. Ele foi submetido ao teste de alcoolemia, que apresentou resultado negativo, com 0,0 mg\/L de \u00e1lcool no sangue.<\/p>\n\n\n\n<figure class=\"wp-block-image size-full\"><img loading=\"lazy\" decoding=\"async\" width=\"897\" height=\"204\" src=\"https:\/\/radiostudiow.com.br\/site\/wp-content\/uploads\/2025\/01\/SITE-GRANDE4.png\" alt=\"\" class=\"wp-image-32888\" srcset=\"https:\/\/radiostudiow.com.br\/site\/wp-content\/uploads\/2025\/01\/SITE-GRANDE4.png 897w, https:\/\/radiostudiow.com.br\/site\/wp-content\/uploads\/2025\/01\/SITE-GRANDE4-300x68.png 300w, https:\/\/radiostudiow.com.br\/site\/wp-content\/uploads\/2025\/01\/SITE-GRANDE4-768x175.png 768w\" sizes=\"auto, (max-width: 897px) 100vw, 897px\" \/><\/figure>\n\n\n\n<p>As autoridades est\u00e3o investigando as circunst\u00e2ncias do acidente. O corpo dos dois ocupantes do Corsa foi encaminhado para o Instituto M\u00e9dico Legal (IML) para os devidos procedimentos.<\/p>\n\n\n\n<p>A trag\u00e9dia refor\u00e7a a import\u00e2ncia de cuidados redobrados no tr\u00e2nsito, principalmente em rodovias movimentadas como a BR-277. Fonte: Alvorada FM com informa\u00e7\u00f5es da PRF.<\/p>\n","protected":false},"excerpt":{"rendered":"<p>Por volta das 01:40 horas da madrugada dessa ter\u00e7a-feira, 04 de fevereiro, uma colis\u00e3o frontal entre um autom\u00f3vel e um caminh\u00e3o deixou dois mortos na BR-277, no km 239, em Fernandes Pinheiro. O acidente envolveu um autom\u00f3vel GM\/Corsa, de cor prata, com placas de Fernandes Pinheiro, e um caminh\u00e3o Mercedes-Benz\/AXOR, de cor azul, emplacado em [&hellip;]<\/p>\n","protected":false},"author":2,"featured_media":33724,"comment_status":"open","ping_status":"open","sticky":false,"template":"","format":"standard","meta":{"footnotes":""},"categories":[185],"tags":[172],"class_list":["post-33716","post","type-post","status-publish","format-standard","has-post-thumbnail","hentry","category-regional","tag-featured"],"amp_enabled":true,"_links":{"self":[{"href":"https:\/\/radiostudiow.com.br\/site\/wp-json\/wp\/v2\/posts\/33716","targetHints":{"allow":["GET"]}}],"collection":[{"href":"https:\/\/radiostudiow.com.br\/site\/wp-json\/wp\/v2\/posts"}],"about":[{"href":"https:\/\/radiostudiow.com.br\/site\/wp-json\/wp\/v2\/types\/post"}],"author":[{"embeddable":true,"href":"https:\/\/radiostudiow.com.br\/site\/wp-json\/wp\/v2\/users\/2"}],"replies":[{"embeddable":true,"href":"https:\/\/radiostudiow.com.br\/site\/wp-json\/wp\/v2\/comments?post=33716"}],"version-history":[{"count":1,"href":"https:\/\/radiostudiow.com.br\/site\/wp-json\/wp\/v2\/posts\/33716\/revisions"}],"predecessor-version":[{"id":33721,"href":"https:\/\/radiostudiow.com.br\/site\/wp-json\/wp\/v2\/posts\/33716\/revisions\/33721"}],"wp:featuredmedia":[{"embeddable":true,"href":"https:\/\/radiostudiow.com.br\/site\/wp-json\/wp\/v2\/media\/33724"}],"wp:attachment":[{"href":"https:\/\/radiostudiow.com.br\/site\/wp-json\/wp\/v2\/media?parent=33716"}],"wp:term":[{"taxonomy":"category","embeddable":true,"href":"https:\/\/radiostudiow.com.br\/site\/wp-json\/wp\/v2\/categories?post=33716"},{"taxonomy":"post_tag","embeddable":true,"href":"https:\/\/radiostudiow.com.br\/site\/wp-json\/wp\/v2\/tags?post=33716"}],"curies":[{"name":"wp","href":"https:\/\/api.w.org\/{rel}","templated":true}]}}