{"id":3372,"date":"2021-08-25T09:25:27","date_gmt":"2021-08-25T12:25:27","guid":{"rendered":"https:\/\/radiostudiow.com.br\/site\/?p=3372"},"modified":"2025-01-31T15:12:30","modified_gmt":"2025-01-31T18:12:30","slug":"agente-da-defesa-civil-registra-incendio-possivelmente-criminoso-em-capela-de-cruz-machado","status":"publish","type":"post","link":"https:\/\/radiostudiow.com.br\/site\/2021\/08\/25\/agente-da-defesa-civil-registra-incendio-possivelmente-criminoso-em-capela-de-cruz-machado\/","title":{"rendered":"Agente da Defesa Civil registra inc\u00eandio possivelmente criminoso em Cruz Machado"},"content":{"rendered":"\n<p>Na tarde dessa ter\u00e7a-feira, 24 de agosto, um agente da Defesa Civil de Cruz Machado compareceu ao Pelot\u00e3o da Pol\u00edcia Militar do munic\u00edpio para registrar uma situa\u00e7\u00e3o de inc\u00eandio possivelmente criminoso que ocorreu durante o fim de semana.<\/p>\n\n\n\n<p>Conforme o solicitante, a situa\u00e7\u00e3o ocorreu na tarde de domingo, 22 de agosto, e veio a atingir a capela da Linha Pared\u00e3o, no interior da cidade. <\/p>\n\n\n\n<p>O inc\u00eandio acabou causando danos em equipamentos de comunica\u00e7\u00e3o e internet de empresas privadas, na fia\u00e7\u00e3o el\u00e9trica e na vegeta\u00e7\u00e3o do local.<\/p>\n\n\n\n<p>A Pol\u00edcia Militar confeccionou o boletim de ocorr\u00eancias e devido ao lapso temporal e a suspeita de que o sinistro ocorreu de forma criminosa, encaminhou o caso para a Pol\u00edcia Civil que far\u00e1 a investiga\u00e7\u00e3o.<\/p>\n\n\n\n<figure class=\"wp-block-image size-full\"><img decoding=\"async\" src=\"https:\/\/radiostudiow.com.br\/site\/wp-content\/uploads\/2021\/06\/NUTRI-MALLET.jpg\" alt=\"\" class=\"wp-image-2504\"\/><\/figure>\n","protected":false},"excerpt":{"rendered":"<p>Na tarde dessa ter\u00e7a-feira, 24 de agosto, um agente da Defesa Civil de Cruz Machado compareceu ao Pelot\u00e3o da Pol\u00edcia Militar do munic\u00edpio para registrar uma situa\u00e7\u00e3o de inc\u00eandio possivelmente criminoso que ocorreu durante o fim de semana. Conforme o solicitante, a situa\u00e7\u00e3o ocorreu na tarde de domingo, 22 de agosto, e veio a atingir [&hellip;]<\/p>\n","protected":false},"author":2,"featured_media":3374,"comment_status":"open","ping_status":"open","sticky":false,"template":"","format":"standard","meta":{"footnotes":""},"categories":[2],"tags":[172],"class_list":["post-3372","post","type-post","status-publish","format-standard","has-post-thumbnail","hentry","category-policial","tag-featured"],"amp_enabled":true,"_links":{"self":[{"href":"https:\/\/radiostudiow.com.br\/site\/wp-json\/wp\/v2\/posts\/3372","targetHints":{"allow":["GET"]}}],"collection":[{"href":"https:\/\/radiostudiow.com.br\/site\/wp-json\/wp\/v2\/posts"}],"about":[{"href":"https:\/\/radiostudiow.com.br\/site\/wp-json\/wp\/v2\/types\/post"}],"author":[{"embeddable":true,"href":"https:\/\/radiostudiow.com.br\/site\/wp-json\/wp\/v2\/users\/2"}],"replies":[{"embeddable":true,"href":"https:\/\/radiostudiow.com.br\/site\/wp-json\/wp\/v2\/comments?post=3372"}],"version-history":[{"count":3,"href":"https:\/\/radiostudiow.com.br\/site\/wp-json\/wp\/v2\/posts\/3372\/revisions"}],"predecessor-version":[{"id":3378,"href":"https:\/\/radiostudiow.com.br\/site\/wp-json\/wp\/v2\/posts\/3372\/revisions\/3378"}],"wp:featuredmedia":[{"embeddable":true,"href":"https:\/\/radiostudiow.com.br\/site\/wp-json\/wp\/v2\/media\/3374"}],"wp:attachment":[{"href":"https:\/\/radiostudiow.com.br\/site\/wp-json\/wp\/v2\/media?parent=3372"}],"wp:term":[{"taxonomy":"category","embeddable":true,"href":"https:\/\/radiostudiow.com.br\/site\/wp-json\/wp\/v2\/categories?post=3372"},{"taxonomy":"post_tag","embeddable":true,"href":"https:\/\/radiostudiow.com.br\/site\/wp-json\/wp\/v2\/tags?post=3372"}],"curies":[{"name":"wp","href":"https:\/\/api.w.org\/{rel}","templated":true}]}}