{"id":33726,"date":"2025-02-05T09:12:14","date_gmt":"2025-02-05T12:12:14","guid":{"rendered":"https:\/\/radiostudiow.com.br\/site\/?p=33726"},"modified":"2025-02-05T11:02:16","modified_gmt":"2025-02-05T14:02:16","slug":"elson-krinski-e-o-novo-presidente-do-hospital-sao-pedro-de-mallet","status":"publish","type":"post","link":"https:\/\/radiostudiow.com.br\/site\/2025\/02\/05\/elson-krinski-e-o-novo-presidente-do-hospital-sao-pedro-de-mallet\/","title":{"rendered":"PROFESSOR ELSON KRINSKI \u00c9 O NOVO PRESIDENTE DO HOSPITAL S\u00c3O PEDRO DE MALLET"},"content":{"rendered":"\n<p>Na noite desta ter\u00e7a-feira (04), foi realizada a elei\u00e7\u00e3o da nova diretoria do Hospital de Caridade S\u00e3o Pedro (HCSP), em Mallet.<\/p>\n\n\n\n<p>Com chapa \u00fanica, a vota\u00e7\u00e3o confirmou o professor Elson Rog\u00e9rio Krinski como o novo presidente da institui\u00e7\u00e3o.<\/p>\n\n\n\n<p>Elson Krinski, conhecido por sua atua\u00e7\u00e3o na educa\u00e7\u00e3o, exerceu nos \u00faltimos oito anos o cargo de Secret\u00e1rio de Educa\u00e7\u00e3o do munic\u00edpio, sendo amplamente reconhecido por sua gest\u00e3o e dedica\u00e7\u00e3o \u00e0 comunidade escolar.<\/p>\n\n\n\n<figure class=\"wp-block-image size-full\"><img loading=\"lazy\" decoding=\"async\" width=\"900\" height=\"408\" src=\"https:\/\/radiostudiow.com.br\/site\/wp-content\/uploads\/2025\/01\/SITE-E-TV.png\" alt=\"\" class=\"wp-image-33052\" srcset=\"https:\/\/radiostudiow.com.br\/site\/wp-content\/uploads\/2025\/01\/SITE-E-TV.png 900w, https:\/\/radiostudiow.com.br\/site\/wp-content\/uploads\/2025\/01\/SITE-E-TV-300x136.png 300w, https:\/\/radiostudiow.com.br\/site\/wp-content\/uploads\/2025\/01\/SITE-E-TV-768x348.png 768w\" sizes=\"auto, (max-width: 900px) 100vw, 900px\" \/><\/figure>\n\n\n\n<h2 class=\"wp-block-heading\">Agora, assume um novo desafio \u00e0 frente do hospital, trazendo sua experi\u00eancia administrativa para a \u00e1rea da sa\u00fade.<\/h2>\n\n\n\n<p>A nova diretoria eleita \u00e9 composta pelos seguintes membros:<\/p>\n\n\n\n<blockquote class=\"wp-block-quote has-text-align-center is-layout-flow wp-block-quote-is-layout-flow\">\n<p><strong>Presidente : Elson Krinski<\/strong><\/p>\n\n\n\n<p><strong>Vice Presidente : Rodrigo S\u00e1<\/strong><\/p>\n\n\n\n<p><strong>Tesoureiro : Fernando Jank.<\/strong><\/p>\n<\/blockquote>\n\n\n\n<p>Para saber mais sobre os planos e desafios da nova gest\u00e3o, acompanhe a entrevista exclusiva com o novo presidente do hospital, Elson Krinski, no programa W Not\u00edcias desta quarta-feira (05), a partir das 20:00 horas, na Studio W TV.<\/p>\n","protected":false},"excerpt":{"rendered":"<p>Na noite desta ter\u00e7a-feira (04), foi realizada a elei\u00e7\u00e3o da nova diretoria do Hospital de Caridade S\u00e3o Pedro (HCSP), em Mallet. Com chapa \u00fanica, a vota\u00e7\u00e3o confirmou o professor Elson Rog\u00e9rio Krinski como o novo presidente da institui\u00e7\u00e3o. Elson Krinski, conhecido por sua atua\u00e7\u00e3o na educa\u00e7\u00e3o, exerceu nos \u00faltimos oito anos o cargo de Secret\u00e1rio [&hellip;]<\/p>\n","protected":false},"author":2,"featured_media":33752,"comment_status":"open","ping_status":"open","sticky":false,"template":"","format":"standard","meta":{"footnotes":""},"categories":[184],"tags":[172],"class_list":["post-33726","post","type-post","status-publish","format-standard","has-post-thumbnail","hentry","category-local","tag-featured"],"amp_enabled":true,"_links":{"self":[{"href":"https:\/\/radiostudiow.com.br\/site\/wp-json\/wp\/v2\/posts\/33726","targetHints":{"allow":["GET"]}}],"collection":[{"href":"https:\/\/radiostudiow.com.br\/site\/wp-json\/wp\/v2\/posts"}],"about":[{"href":"https:\/\/radiostudiow.com.br\/site\/wp-json\/wp\/v2\/types\/post"}],"author":[{"embeddable":true,"href":"https:\/\/radiostudiow.com.br\/site\/wp-json\/wp\/v2\/users\/2"}],"replies":[{"embeddable":true,"href":"https:\/\/radiostudiow.com.br\/site\/wp-json\/wp\/v2\/comments?post=33726"}],"version-history":[{"count":3,"href":"https:\/\/radiostudiow.com.br\/site\/wp-json\/wp\/v2\/posts\/33726\/revisions"}],"predecessor-version":[{"id":33754,"href":"https:\/\/radiostudiow.com.br\/site\/wp-json\/wp\/v2\/posts\/33726\/revisions\/33754"}],"wp:featuredmedia":[{"embeddable":true,"href":"https:\/\/radiostudiow.com.br\/site\/wp-json\/wp\/v2\/media\/33752"}],"wp:attachment":[{"href":"https:\/\/radiostudiow.com.br\/site\/wp-json\/wp\/v2\/media?parent=33726"}],"wp:term":[{"taxonomy":"category","embeddable":true,"href":"https:\/\/radiostudiow.com.br\/site\/wp-json\/wp\/v2\/categories?post=33726"},{"taxonomy":"post_tag","embeddable":true,"href":"https:\/\/radiostudiow.com.br\/site\/wp-json\/wp\/v2\/tags?post=33726"}],"curies":[{"name":"wp","href":"https:\/\/api.w.org\/{rel}","templated":true}]}}