{"id":33731,"date":"2025-02-05T09:14:43","date_gmt":"2025-02-05T12:14:43","guid":{"rendered":"https:\/\/radiostudiow.com.br\/site\/?p=33731"},"modified":"2025-02-05T09:14:43","modified_gmt":"2025-02-05T12:14:43","slug":"policia-rodoviaria-federal-apreende-mais-de-170kg-de-maconha-em-irati","status":"publish","type":"post","link":"https:\/\/radiostudiow.com.br\/site\/2025\/02\/05\/policia-rodoviaria-federal-apreende-mais-de-170kg-de-maconha-em-irati\/","title":{"rendered":"Pol\u00edcia Rodovi\u00e1ria Federal apreende mais de 170Kg de maconha em Irati"},"content":{"rendered":"\n<p><em>Um homem de 24 anos, foi preso pelo crime de tr\u00e1fico de drogas<\/em><\/p>\n\n\n\n<p>Na tarde desta ter\u00e7a-feira (04), por volta das 18 horas, policiais rodovi\u00e1rios federais realizavam fiscaliza\u00e7\u00e3o na BR 277, munic\u00edpio de Irati, quando deram ordem de parada ao condutor de um VW Polo de cor cinza e emplacamento de S\u00e3o Paulo\/SP.<\/p>\n\n\n\n<figure class=\"wp-block-image size-full\"><img loading=\"lazy\" decoding=\"async\" width=\"598\" height=\"204\" src=\"https:\/\/radiostudiow.com.br\/site\/wp-content\/uploads\/2025\/01\/SITE-MEDIO3.png\" alt=\"\" class=\"wp-image-32815\" srcset=\"https:\/\/radiostudiow.com.br\/site\/wp-content\/uploads\/2025\/01\/SITE-MEDIO3.png 598w, https:\/\/radiostudiow.com.br\/site\/wp-content\/uploads\/2025\/01\/SITE-MEDIO3-300x102.png 300w\" sizes=\"auto, (max-width: 598px) 100vw, 598px\" \/><\/figure>\n\n\n\n<p>Durante fiscaliza\u00e7\u00e3o do ve\u00edculo, foi encontrada grande quantidade de droga disposta no porta malas e assoalho, posteriormente feita a pesagem de 150,2Kg de maconha em tabletes e 22,75Kg de capulho em sacos, totalizando 172,85Kg.<\/p>\n\n\n\n<p>O condutor disse que pegou a droga em Foz do Igua\u00e7u-PR e levaria at\u00e9 Curitiba-PR.<\/p>\n\n\n\n<p>Diante da situa\u00e7\u00e3o, o homem foi detido, e a ocorr\u00eancia foi encaminhada \u00e0 Delegacia da Pol\u00edcia Civil de Irati-PR.<\/p>\n\n\n\n<p><em>Informa\u00e7\u00f5es e foto: PRF<\/em><\/p>\n","protected":false},"excerpt":{"rendered":"<p>Um homem de 24 anos, foi preso pelo crime de tr\u00e1fico de drogas Na tarde desta ter\u00e7a-feira (04), por volta das 18 horas, policiais rodovi\u00e1rios federais realizavam fiscaliza\u00e7\u00e3o na BR 277, munic\u00edpio de Irati, quando deram ordem de parada ao condutor de um VW Polo de cor cinza e emplacamento de S\u00e3o Paulo\/SP. Durante fiscaliza\u00e7\u00e3o [&hellip;]<\/p>\n","protected":false},"author":2,"featured_media":33732,"comment_status":"open","ping_status":"open","sticky":false,"template":"","format":"standard","meta":{"footnotes":""},"categories":[2],"tags":[172],"class_list":["post-33731","post","type-post","status-publish","format-standard","has-post-thumbnail","hentry","category-policial","tag-featured"],"amp_enabled":true,"_links":{"self":[{"href":"https:\/\/radiostudiow.com.br\/site\/wp-json\/wp\/v2\/posts\/33731","targetHints":{"allow":["GET"]}}],"collection":[{"href":"https:\/\/radiostudiow.com.br\/site\/wp-json\/wp\/v2\/posts"}],"about":[{"href":"https:\/\/radiostudiow.com.br\/site\/wp-json\/wp\/v2\/types\/post"}],"author":[{"embeddable":true,"href":"https:\/\/radiostudiow.com.br\/site\/wp-json\/wp\/v2\/users\/2"}],"replies":[{"embeddable":true,"href":"https:\/\/radiostudiow.com.br\/site\/wp-json\/wp\/v2\/comments?post=33731"}],"version-history":[{"count":1,"href":"https:\/\/radiostudiow.com.br\/site\/wp-json\/wp\/v2\/posts\/33731\/revisions"}],"predecessor-version":[{"id":33733,"href":"https:\/\/radiostudiow.com.br\/site\/wp-json\/wp\/v2\/posts\/33731\/revisions\/33733"}],"wp:featuredmedia":[{"embeddable":true,"href":"https:\/\/radiostudiow.com.br\/site\/wp-json\/wp\/v2\/media\/33732"}],"wp:attachment":[{"href":"https:\/\/radiostudiow.com.br\/site\/wp-json\/wp\/v2\/media?parent=33731"}],"wp:term":[{"taxonomy":"category","embeddable":true,"href":"https:\/\/radiostudiow.com.br\/site\/wp-json\/wp\/v2\/categories?post=33731"},{"taxonomy":"post_tag","embeddable":true,"href":"https:\/\/radiostudiow.com.br\/site\/wp-json\/wp\/v2\/tags?post=33731"}],"curies":[{"name":"wp","href":"https:\/\/api.w.org\/{rel}","templated":true}]}}