{"id":33738,"date":"2025-02-05T09:36:27","date_gmt":"2025-02-05T12:36:27","guid":{"rendered":"https:\/\/radiostudiow.com.br\/site\/?p=33738"},"modified":"2025-02-05T09:36:27","modified_gmt":"2025-02-05T12:36:27","slug":"homem-e-detido-apos-mandado-de-prisao-em-aberto-por-pensao-alimenticia-em-uniao-da-vitoria","status":"publish","type":"post","link":"https:\/\/radiostudiow.com.br\/site\/2025\/02\/05\/homem-e-detido-apos-mandado-de-prisao-em-aberto-por-pensao-alimenticia-em-uniao-da-vitoria\/","title":{"rendered":"Homem \u00e9 detido ap\u00f3s mandado de pris\u00e3o em aberto por pens\u00e3o aliment\u00edcia em Uni\u00e3o da Vit\u00f3ria"},"content":{"rendered":"\n<p>A equipe da Pol\u00edcia Militar de Uni\u00e3o da Vit\u00f3ria foi acionada para verificar uma situa\u00e7\u00e3o em que havia um homem com mandado de pris\u00e3o em aberto por pens\u00e3o aliment\u00edcia. O caso foi registrado por volta das 19:35 horas dessa ter\u00e7a-feira (04).<\/p>\n\n\n\n<figure class=\"wp-block-image size-full\"><img loading=\"lazy\" decoding=\"async\" width=\"598\" height=\"204\" src=\"https:\/\/radiostudiow.com.br\/site\/wp-content\/uploads\/2025\/01\/SITE-MEDIO.png\" alt=\"\" class=\"wp-image-32810\" srcset=\"https:\/\/radiostudiow.com.br\/site\/wp-content\/uploads\/2025\/01\/SITE-MEDIO.png 598w, https:\/\/radiostudiow.com.br\/site\/wp-content\/uploads\/2025\/01\/SITE-MEDIO-300x102.png 300w\" sizes=\"auto, (max-width: 598px) 100vw, 598px\" \/><\/figure>\n\n\n\n<p>No local a equipe localizou o suspeito e, ap\u00f3s confirma\u00e7\u00e3o mediante consulta aos sistemas informatizadosde que o mandado encontrava-se vigente.<\/p>\n\n\n\n<p>A equipe deu voz de abordagem e efetuou a pris\u00e3o do abordado, posteriormente o encaminhou at\u00e9 o Depen de Uni\u00e3o da Vit\u00f3ria para as provid\u00eancias.<\/p>\n","protected":false},"excerpt":{"rendered":"<p>A equipe da Pol\u00edcia Militar de Uni\u00e3o da Vit\u00f3ria foi acionada para verificar uma situa\u00e7\u00e3o em que havia um homem com mandado de pris\u00e3o em aberto por pens\u00e3o aliment\u00edcia. O caso foi registrado por volta das 19:35 horas dessa ter\u00e7a-feira (04). No local a equipe localizou o suspeito e, ap\u00f3s confirma\u00e7\u00e3o mediante consulta aos sistemas [&hellip;]<\/p>\n","protected":false},"author":2,"featured_media":33740,"comment_status":"open","ping_status":"open","sticky":false,"template":"","format":"standard","meta":{"footnotes":""},"categories":[2],"tags":[172],"class_list":["post-33738","post","type-post","status-publish","format-standard","has-post-thumbnail","hentry","category-policial","tag-featured"],"amp_enabled":true,"_links":{"self":[{"href":"https:\/\/radiostudiow.com.br\/site\/wp-json\/wp\/v2\/posts\/33738","targetHints":{"allow":["GET"]}}],"collection":[{"href":"https:\/\/radiostudiow.com.br\/site\/wp-json\/wp\/v2\/posts"}],"about":[{"href":"https:\/\/radiostudiow.com.br\/site\/wp-json\/wp\/v2\/types\/post"}],"author":[{"embeddable":true,"href":"https:\/\/radiostudiow.com.br\/site\/wp-json\/wp\/v2\/users\/2"}],"replies":[{"embeddable":true,"href":"https:\/\/radiostudiow.com.br\/site\/wp-json\/wp\/v2\/comments?post=33738"}],"version-history":[{"count":2,"href":"https:\/\/radiostudiow.com.br\/site\/wp-json\/wp\/v2\/posts\/33738\/revisions"}],"predecessor-version":[{"id":33741,"href":"https:\/\/radiostudiow.com.br\/site\/wp-json\/wp\/v2\/posts\/33738\/revisions\/33741"}],"wp:featuredmedia":[{"embeddable":true,"href":"https:\/\/radiostudiow.com.br\/site\/wp-json\/wp\/v2\/media\/33740"}],"wp:attachment":[{"href":"https:\/\/radiostudiow.com.br\/site\/wp-json\/wp\/v2\/media?parent=33738"}],"wp:term":[{"taxonomy":"category","embeddable":true,"href":"https:\/\/radiostudiow.com.br\/site\/wp-json\/wp\/v2\/categories?post=33738"},{"taxonomy":"post_tag","embeddable":true,"href":"https:\/\/radiostudiow.com.br\/site\/wp-json\/wp\/v2\/tags?post=33738"}],"curies":[{"name":"wp","href":"https:\/\/api.w.org\/{rel}","templated":true}]}}