{"id":33742,"date":"2025-02-05T09:44:16","date_gmt":"2025-02-05T12:44:16","guid":{"rendered":"https:\/\/radiostudiow.com.br\/site\/?p=33742"},"modified":"2025-02-05T09:44:17","modified_gmt":"2025-02-05T12:44:17","slug":"homem-e-preso-em-sao-mateus-do-sul-apos-mandado-de-prisao-em-aberto-por-pensao-alimenticia","status":"publish","type":"post","link":"https:\/\/radiostudiow.com.br\/site\/2025\/02\/05\/homem-e-preso-em-sao-mateus-do-sul-apos-mandado-de-prisao-em-aberto-por-pensao-alimenticia\/","title":{"rendered":"Homem \u00e9 preso em S\u00e3o Mateus do Sul ap\u00f3s mandado de pris\u00e3o em aberto por pens\u00e3o aliment\u00edcia"},"content":{"rendered":"\n<p>A equipe da Pol\u00edcia Militar de S\u00e3o Mateus do Sul efetuou a pris\u00e3o de um homem que apresentava um mandado de pris\u00e3o em aberto. O caso foi registrado por volta das 17:55 horas dessa ter\u00e7a-feira, 04 de fevereiro, no bairro Porto Ribeiro.<\/p>\n\n\n\n<figure class=\"wp-block-image size-full\"><img loading=\"lazy\" decoding=\"async\" width=\"598\" height=\"204\" src=\"https:\/\/radiostudiow.com.br\/site\/wp-content\/uploads\/2025\/01\/SITE-MEDIO2.png\" alt=\"\" class=\"wp-image-32844\" srcset=\"https:\/\/radiostudiow.com.br\/site\/wp-content\/uploads\/2025\/01\/SITE-MEDIO2.png 598w, https:\/\/radiostudiow.com.br\/site\/wp-content\/uploads\/2025\/01\/SITE-MEDIO2-300x102.png 300w\" sizes=\"auto, (max-width: 598px) 100vw, 598px\" \/><\/figure>\n\n\n\n<p>O suspeito continha em sua ficha criminal um mandado de pris\u00e3o em aberto por pens\u00e3o aliment\u00edcia. No local os policiais visualizaram o homem em frente a sua resid\u00eancia.<\/p>\n\n\n\n<p>Foi realizado a abordagem aosuspeito e sequencialmente conduzido e entregue ao departamento penitenci\u00e1rio de S\u00e3o Mateus do Sul.<\/p>\n","protected":false},"excerpt":{"rendered":"<p>A equipe da Pol\u00edcia Militar de S\u00e3o Mateus do Sul efetuou a pris\u00e3o de um homem que apresentava um mandado de pris\u00e3o em aberto. O caso foi registrado por volta das 17:55 horas dessa ter\u00e7a-feira, 04 de fevereiro, no bairro Porto Ribeiro. O suspeito continha em sua ficha criminal um mandado de pris\u00e3o em aberto [&hellip;]<\/p>\n","protected":false},"author":2,"featured_media":31622,"comment_status":"open","ping_status":"open","sticky":false,"template":"","format":"standard","meta":{"footnotes":""},"categories":[2],"tags":[172],"class_list":["post-33742","post","type-post","status-publish","format-standard","has-post-thumbnail","hentry","category-policial","tag-featured"],"amp_enabled":true,"_links":{"self":[{"href":"https:\/\/radiostudiow.com.br\/site\/wp-json\/wp\/v2\/posts\/33742","targetHints":{"allow":["GET"]}}],"collection":[{"href":"https:\/\/radiostudiow.com.br\/site\/wp-json\/wp\/v2\/posts"}],"about":[{"href":"https:\/\/radiostudiow.com.br\/site\/wp-json\/wp\/v2\/types\/post"}],"author":[{"embeddable":true,"href":"https:\/\/radiostudiow.com.br\/site\/wp-json\/wp\/v2\/users\/2"}],"replies":[{"embeddable":true,"href":"https:\/\/radiostudiow.com.br\/site\/wp-json\/wp\/v2\/comments?post=33742"}],"version-history":[{"count":1,"href":"https:\/\/radiostudiow.com.br\/site\/wp-json\/wp\/v2\/posts\/33742\/revisions"}],"predecessor-version":[{"id":33743,"href":"https:\/\/radiostudiow.com.br\/site\/wp-json\/wp\/v2\/posts\/33742\/revisions\/33743"}],"wp:featuredmedia":[{"embeddable":true,"href":"https:\/\/radiostudiow.com.br\/site\/wp-json\/wp\/v2\/media\/31622"}],"wp:attachment":[{"href":"https:\/\/radiostudiow.com.br\/site\/wp-json\/wp\/v2\/media?parent=33742"}],"wp:term":[{"taxonomy":"category","embeddable":true,"href":"https:\/\/radiostudiow.com.br\/site\/wp-json\/wp\/v2\/categories?post=33742"},{"taxonomy":"post_tag","embeddable":true,"href":"https:\/\/radiostudiow.com.br\/site\/wp-json\/wp\/v2\/tags?post=33742"}],"curies":[{"name":"wp","href":"https:\/\/api.w.org\/{rel}","templated":true}]}}