{"id":33745,"date":"2025-02-05T09:47:14","date_gmt":"2025-02-05T12:47:14","guid":{"rendered":"https:\/\/radiostudiow.com.br\/site\/?p=33745"},"modified":"2025-02-05T09:47:19","modified_gmt":"2025-02-05T12:47:19","slug":"homem-esfaqueado-e-atropelado-na-br-277-em-prudentopolis","status":"publish","type":"post","link":"https:\/\/radiostudiow.com.br\/site\/2025\/02\/05\/homem-esfaqueado-e-atropelado-na-br-277-em-prudentopolis\/","title":{"rendered":"Homem esfaqueado \u00e9 atropelado na BR-277 em Prudent\u00f3polis"},"content":{"rendered":"\n<p>Um rapaz, de 26 anos, foi atropelado na manh\u00e3 desta ter\u00e7a-feira (4), na\u00a0BR-277, em\u00a0Prudent\u00f3polis. Durante a ocorr\u00eancia, tamb\u00e9m foi constatado que a v\u00edtima estava com duas perfura\u00e7\u00f5es por arma branca na regi\u00e3o do t\u00f3rax. Com ferimentos graves, o homem foi encaminhado \u00e0 unidade hospitalar do munic\u00edpio de\u00a0Guarapuava.<\/p>\n\n\n\n<p>Conforme as informa\u00e7\u00f5es da\u00a0Pol\u00edcia Rodovi\u00e1ria Federal (PRF), os agentes foram acionados para uma situa\u00e7\u00e3o de atropelamento por volta das 9h, no km 306 da rodovia. No local, verificaram o acidente, bem como as marcas de golpes de arma branca na v\u00edtima. De imediato, equipes do\u00a0Servi\u00e7o de Atendimento M\u00f3vel de Urg\u00eancia (Samu)\u00a0foram mobilizadas.<\/p>\n\n\n\n<figure class=\"wp-block-image size-full\"><img loading=\"lazy\" decoding=\"async\" width=\"897\" height=\"204\" src=\"https:\/\/radiostudiow.com.br\/site\/wp-content\/uploads\/2025\/01\/SITE-GRANDE5.png\" alt=\"\" class=\"wp-image-32814\" srcset=\"https:\/\/radiostudiow.com.br\/site\/wp-content\/uploads\/2025\/01\/SITE-GRANDE5.png 897w, https:\/\/radiostudiow.com.br\/site\/wp-content\/uploads\/2025\/01\/SITE-GRANDE5-300x68.png 300w, https:\/\/radiostudiow.com.br\/site\/wp-content\/uploads\/2025\/01\/SITE-GRANDE5-768x175.png 768w\" sizes=\"auto, (max-width: 897px) 100vw, 897px\" \/><\/figure>\n\n\n\n<p>Ap\u00f3s os primeiros socorros, o rapaz foi direcionado ao\u00a0Hospital de Caridade S\u00e3o Vicente de Paulo, em Guarapuava, com graves ferimentos. Agora, as autoridades competentes investigar\u00e3o as causas da ocorr\u00eancia. O ve\u00edculo que atropelou o homem foi um caminh\u00e3o modelo Scania\/R 440 A6X2, com placas do munic\u00edpio de\u00a0Sarandi.<\/p>\n\n\n\n<p>Com informa\u00e7\u00f5es da PRF e do site A REDE.<a href=\"https:\/\/api.whatsapp.com\/send?text=Homem%20esfaqueado%20%C3%A9%20atropelado%20na%20BR-277,%20em%20Prudent%C3%B3polis%20-%20https:\/\/alvoradanoar.com.br\/noticia\/689722\" target=\"_blank\" rel=\"noreferrer noopener\"><\/a><\/p>\n","protected":false},"excerpt":{"rendered":"<p>Um rapaz, de 26 anos, foi atropelado na manh\u00e3 desta ter\u00e7a-feira (4), na\u00a0BR-277, em\u00a0Prudent\u00f3polis. Durante a ocorr\u00eancia, tamb\u00e9m foi constatado que a v\u00edtima estava com duas perfura\u00e7\u00f5es por arma branca na regi\u00e3o do t\u00f3rax. Com ferimentos graves, o homem foi encaminhado \u00e0 unidade hospitalar do munic\u00edpio de\u00a0Guarapuava. Conforme as informa\u00e7\u00f5es da\u00a0Pol\u00edcia Rodovi\u00e1ria Federal (PRF), os [&hellip;]<\/p>\n","protected":false},"author":2,"featured_media":33720,"comment_status":"open","ping_status":"open","sticky":false,"template":"","format":"standard","meta":{"footnotes":""},"categories":[2],"tags":[172],"class_list":["post-33745","post","type-post","status-publish","format-standard","has-post-thumbnail","hentry","category-policial","tag-featured"],"amp_enabled":true,"_links":{"self":[{"href":"https:\/\/radiostudiow.com.br\/site\/wp-json\/wp\/v2\/posts\/33745","targetHints":{"allow":["GET"]}}],"collection":[{"href":"https:\/\/radiostudiow.com.br\/site\/wp-json\/wp\/v2\/posts"}],"about":[{"href":"https:\/\/radiostudiow.com.br\/site\/wp-json\/wp\/v2\/types\/post"}],"author":[{"embeddable":true,"href":"https:\/\/radiostudiow.com.br\/site\/wp-json\/wp\/v2\/users\/2"}],"replies":[{"embeddable":true,"href":"https:\/\/radiostudiow.com.br\/site\/wp-json\/wp\/v2\/comments?post=33745"}],"version-history":[{"count":2,"href":"https:\/\/radiostudiow.com.br\/site\/wp-json\/wp\/v2\/posts\/33745\/revisions"}],"predecessor-version":[{"id":33747,"href":"https:\/\/radiostudiow.com.br\/site\/wp-json\/wp\/v2\/posts\/33745\/revisions\/33747"}],"wp:featuredmedia":[{"embeddable":true,"href":"https:\/\/radiostudiow.com.br\/site\/wp-json\/wp\/v2\/media\/33720"}],"wp:attachment":[{"href":"https:\/\/radiostudiow.com.br\/site\/wp-json\/wp\/v2\/media?parent=33745"}],"wp:term":[{"taxonomy":"category","embeddable":true,"href":"https:\/\/radiostudiow.com.br\/site\/wp-json\/wp\/v2\/categories?post=33745"},{"taxonomy":"post_tag","embeddable":true,"href":"https:\/\/radiostudiow.com.br\/site\/wp-json\/wp\/v2\/tags?post=33745"}],"curies":[{"name":"wp","href":"https:\/\/api.w.org\/{rel}","templated":true}]}}