{"id":33748,"date":"2025-02-05T09:56:53","date_gmt":"2025-02-05T12:56:53","guid":{"rendered":"https:\/\/radiostudiow.com.br\/site\/?p=33748"},"modified":"2025-02-05T09:56:53","modified_gmt":"2025-02-05T12:56:53","slug":"identificadas-as-duas-vitima-que-morreram-em-grave-acidente-na-br-277-em-fernandes-pinheiro","status":"publish","type":"post","link":"https:\/\/radiostudiow.com.br\/site\/2025\/02\/05\/identificadas-as-duas-vitima-que-morreram-em-grave-acidente-na-br-277-em-fernandes-pinheiro\/","title":{"rendered":"Identificadas as duas v\u00edtima que morreram em grave acidente na BR-277 em Fernandes Pinheiro"},"content":{"rendered":"\n<p>Foram identificados como\u00a0Adilson Bielik, 34 anos, e\u00a0Carlos Diego Machado Ramos, 38 anos, as v\u00edtimas do grave acidente de tr\u00e2nsito registrado na madrugada desta ter\u00e7a-feira (4), na\u00a0BR-277, em\u00a0Fernandes Pinheiro.<\/p>\n\n\n\n<figure class=\"wp-block-image size-full is-resized\"><img loading=\"lazy\" decoding=\"async\" width=\"598\" height=\"204\" src=\"https:\/\/radiostudiow.com.br\/site\/wp-content\/uploads\/2025\/01\/SITE-MEDIO7.png\" alt=\"\" class=\"wp-image-32801\" style=\"width:740px;height:auto\" srcset=\"https:\/\/radiostudiow.com.br\/site\/wp-content\/uploads\/2025\/01\/SITE-MEDIO7.png 598w, https:\/\/radiostudiow.com.br\/site\/wp-content\/uploads\/2025\/01\/SITE-MEDIO7-300x102.png 300w\" sizes=\"auto, (max-width: 598px) 100vw, 598px\" \/><\/figure>\n\n\n\n<p>Eles estavam no carro modelo Chevrolet Corsa, antes de colidirem frontalmente contra um caminh\u00e3o Mercedes Bens, com placas de\u00a0Pato Branco.<\/p>\n\n\n\n<p>Segundo as informa\u00e7\u00f5es, o caminh\u00e3o seguia sentido Irati\/Curitiba, enquanto o Corsa trafegava no sentido contr\u00e1rio. O motorista do caminh\u00e3o saiu ileso do acidente e realizou o teste do baf\u00f4metro, que apresentou resultado negativo para consumo de \u00e1lcool.<\/p>\n\n\n\n<figure class=\"wp-block-embed is-type-wp-embed is-provider-studio-w wp-block-embed-studio-w\"><div class=\"wp-block-embed__wrapper\">\n<blockquote class=\"wp-embedded-content\" data-secret=\"YbqGfWxaLE\"><a href=\"https:\/\/radiostudiow.com.br\/site\/2025\/02\/04\/colisao-frontal-na-br-277-em-fernandes-pinheiro-deixa-dois-mortos\/\">Colis\u00e3o frontal na BR-277 em Fernandes Pinheiro deixa dois mortos<\/a><\/blockquote><iframe loading=\"lazy\" class=\"wp-embedded-content\" sandbox=\"allow-scripts\" security=\"restricted\" style=\"position: absolute; visibility: hidden;\" title=\"&#8220;Colis\u00e3o frontal na BR-277 em Fernandes Pinheiro deixa dois mortos&#8221; &#8212; Studio W\" src=\"https:\/\/radiostudiow.com.br\/site\/2025\/02\/04\/colisao-frontal-na-br-277-em-fernandes-pinheiro-deixa-dois-mortos\/embed\/#?secret=2DOznsv8Yt#?secret=YbqGfWxaLE\" data-secret=\"YbqGfWxaLE\" width=\"600\" height=\"338\" frameborder=\"0\" marginwidth=\"0\" marginheight=\"0\" scrolling=\"no\"><\/iframe>\n<\/div><\/figure>\n\n\n\n<p><em>Com informa\u00e7\u00f5es aRede<\/em><\/p>\n","protected":false},"excerpt":{"rendered":"<p>Foram identificados como\u00a0Adilson Bielik, 34 anos, e\u00a0Carlos Diego Machado Ramos, 38 anos, as v\u00edtimas do grave acidente de tr\u00e2nsito registrado na madrugada desta ter\u00e7a-feira (4), na\u00a0BR-277, em\u00a0Fernandes Pinheiro. Eles estavam no carro modelo Chevrolet Corsa, antes de colidirem frontalmente contra um caminh\u00e3o Mercedes Bens, com placas de\u00a0Pato Branco. Segundo as informa\u00e7\u00f5es, o caminh\u00e3o seguia sentido [&hellip;]<\/p>\n","protected":false},"author":2,"featured_media":33749,"comment_status":"open","ping_status":"open","sticky":false,"template":"","format":"standard","meta":{"footnotes":""},"categories":[185],"tags":[172],"class_list":["post-33748","post","type-post","status-publish","format-standard","has-post-thumbnail","hentry","category-regional","tag-featured"],"amp_enabled":true,"_links":{"self":[{"href":"https:\/\/radiostudiow.com.br\/site\/wp-json\/wp\/v2\/posts\/33748","targetHints":{"allow":["GET"]}}],"collection":[{"href":"https:\/\/radiostudiow.com.br\/site\/wp-json\/wp\/v2\/posts"}],"about":[{"href":"https:\/\/radiostudiow.com.br\/site\/wp-json\/wp\/v2\/types\/post"}],"author":[{"embeddable":true,"href":"https:\/\/radiostudiow.com.br\/site\/wp-json\/wp\/v2\/users\/2"}],"replies":[{"embeddable":true,"href":"https:\/\/radiostudiow.com.br\/site\/wp-json\/wp\/v2\/comments?post=33748"}],"version-history":[{"count":1,"href":"https:\/\/radiostudiow.com.br\/site\/wp-json\/wp\/v2\/posts\/33748\/revisions"}],"predecessor-version":[{"id":33750,"href":"https:\/\/radiostudiow.com.br\/site\/wp-json\/wp\/v2\/posts\/33748\/revisions\/33750"}],"wp:featuredmedia":[{"embeddable":true,"href":"https:\/\/radiostudiow.com.br\/site\/wp-json\/wp\/v2\/media\/33749"}],"wp:attachment":[{"href":"https:\/\/radiostudiow.com.br\/site\/wp-json\/wp\/v2\/media?parent=33748"}],"wp:term":[{"taxonomy":"category","embeddable":true,"href":"https:\/\/radiostudiow.com.br\/site\/wp-json\/wp\/v2\/categories?post=33748"},{"taxonomy":"post_tag","embeddable":true,"href":"https:\/\/radiostudiow.com.br\/site\/wp-json\/wp\/v2\/tags?post=33748"}],"curies":[{"name":"wp","href":"https:\/\/api.w.org\/{rel}","templated":true}]}}