{"id":33774,"date":"2025-02-06T09:01:47","date_gmt":"2025-02-06T12:01:47","guid":{"rendered":"https:\/\/radiostudiow.com.br\/site\/?p=33774"},"modified":"2025-02-06T09:16:59","modified_gmt":"2025-02-06T12:16:59","slug":"traficante-e-preso-em-flagrante-com-mais-de-5-kg-de-maconha-na-vila-mariana-em-mallet","status":"publish","type":"post","link":"https:\/\/radiostudiow.com.br\/site\/2025\/02\/06\/traficante-e-preso-em-flagrante-com-mais-de-5-kg-de-maconha-na-vila-mariana-em-mallet\/","title":{"rendered":"Traficante \u00e9 preso em flagrante na cidade de Mallet com mais de 5 kg de maconha na Vila Mariana"},"content":{"rendered":"\n<figure class=\"wp-block-image size-full\"><img loading=\"lazy\" decoding=\"async\" width=\"900\" height=\"205\" src=\"https:\/\/radiostudiow.com.br\/site\/wp-content\/uploads\/2024\/03\/bannertijolao-e1733625657395.jpg\" alt=\"\" class=\"wp-image-20494\" srcset=\"https:\/\/radiostudiow.com.br\/site\/wp-content\/uploads\/2024\/03\/bannertijolao-e1733625657395.jpg 900w, https:\/\/radiostudiow.com.br\/site\/wp-content\/uploads\/2024\/03\/bannertijolao-e1733625657395-300x68.jpg 300w, https:\/\/radiostudiow.com.br\/site\/wp-content\/uploads\/2024\/03\/bannertijolao-e1733625657395-768x175.jpg 768w\" sizes=\"auto, (max-width: 900px) 100vw, 900px\" \/><\/figure>\n\n\n\n<figure class=\"wp-block-image size-full is-resized\"><img loading=\"lazy\" decoding=\"async\" width=\"598\" height=\"204\" src=\"https:\/\/radiostudiow.com.br\/site\/wp-content\/uploads\/2023\/12\/SITE-MEDIO4.png\" alt=\"\" class=\"wp-image-17598\" style=\"width:740px;height:auto\" srcset=\"https:\/\/radiostudiow.com.br\/site\/wp-content\/uploads\/2023\/12\/SITE-MEDIO4.png 598w, https:\/\/radiostudiow.com.br\/site\/wp-content\/uploads\/2023\/12\/SITE-MEDIO4-300x102.png 300w\" sizes=\"auto, (max-width: 598px) 100vw, 598px\" \/><\/figure>\n\n\n\n<p><\/p>\n\n\n\n<p>Na noite desta quarta-feira (05), por volta das 23h20, uma equipe da ROTAM juntamente com policiais do 3\u00ba Pelot\u00e3o Cabo Abr\u00e3o Kanclarovicz de Mallet, prendeu um homem em flagrante pelo crime de tr\u00e1fico de drogas no bairro Vila Mariana.<\/p>\n\n\n\n<p>Segundo o Boletim de Ocorr\u00eancia, a a\u00e7\u00e3o ocorreu durante um patrulhamento de rotina, quando os policiais avistaram um ve\u00edculo em atitude suspeita.\u00a0<\/p>\n\n\n\n<p>O condutor, ao perceber a aproxima\u00e7\u00e3o da viatura, tentou fugir, mas foi interceptado ap\u00f3s alguns metros.&nbsp;<\/p>\n\n\n\n<p>Durante a abordagem, os agentes realizaram uma revista no interior do autom\u00f3vel e encontraram nove tabletes de subst\u00e2ncia an\u00e1loga \u00e0 maconha. Ao serem pesados, os entorpecentes totalizaram 5,027 kg.<\/p>\n\n\n\n<p>Diante dos fatos, o suspeito foi preso em flagrante e encaminhado \u00e0 4\u00aa Subdivis\u00e3o Policial (SDP) de Uni\u00e3o da Vit\u00f3ria para a ado\u00e7\u00e3o das medidas cab\u00edveis.&nbsp;<\/p>\n\n\n\n<p>O caso segue sob investiga\u00e7\u00e3o para apurar se h\u00e1 outros envolvidos na a\u00e7\u00e3o criminosa.<\/p>\n\n\n\n<p><\/p>\n\n\n\n<figure class=\"wp-block-image size-full\"><img loading=\"lazy\" decoding=\"async\" width=\"876\" height=\"454\" src=\"https:\/\/radiostudiow.com.br\/site\/wp-content\/uploads\/2025\/02\/Imagem-do-WhatsApp-de-2025-02-06-as-08.46.08_1d39980d.jpg\" alt=\"\" class=\"wp-image-33775\" srcset=\"https:\/\/radiostudiow.com.br\/site\/wp-content\/uploads\/2025\/02\/Imagem-do-WhatsApp-de-2025-02-06-as-08.46.08_1d39980d.jpg 876w, https:\/\/radiostudiow.com.br\/site\/wp-content\/uploads\/2025\/02\/Imagem-do-WhatsApp-de-2025-02-06-as-08.46.08_1d39980d-300x155.jpg 300w, https:\/\/radiostudiow.com.br\/site\/wp-content\/uploads\/2025\/02\/Imagem-do-WhatsApp-de-2025-02-06-as-08.46.08_1d39980d-768x398.jpg 768w\" sizes=\"auto, (max-width: 876px) 100vw, 876px\" \/><\/figure>\n\n\n\n<p><\/p>\n\n\n\n<p><\/p>\n\n\n\n<figure class=\"wp-block-gallery has-nested-images columns-default is-cropped wp-block-gallery-1 is-layout-flex wp-block-gallery-is-layout-flex\">\n<figure class=\"wp-block-image size-large\"><img loading=\"lazy\" decoding=\"async\" width=\"598\" height=\"204\" data-id=\"32810\" src=\"https:\/\/radiostudiow.com.br\/site\/wp-content\/uploads\/2025\/01\/SITE-MEDIO.png\" alt=\"\" class=\"wp-image-32810\" srcset=\"https:\/\/radiostudiow.com.br\/site\/wp-content\/uploads\/2025\/01\/SITE-MEDIO.png 598w, https:\/\/radiostudiow.com.br\/site\/wp-content\/uploads\/2025\/01\/SITE-MEDIO-300x102.png 300w\" sizes=\"auto, (max-width: 598px) 100vw, 598px\" \/><\/figure>\n\n\n\n<figure class=\"wp-block-image size-large\"><img loading=\"lazy\" decoding=\"async\" width=\"598\" height=\"204\" data-id=\"32815\" src=\"https:\/\/radiostudiow.com.br\/site\/wp-content\/uploads\/2025\/01\/SITE-MEDIO3.png\" alt=\"\" class=\"wp-image-32815\" srcset=\"https:\/\/radiostudiow.com.br\/site\/wp-content\/uploads\/2025\/01\/SITE-MEDIO3.png 598w, https:\/\/radiostudiow.com.br\/site\/wp-content\/uploads\/2025\/01\/SITE-MEDIO3-300x102.png 300w\" sizes=\"auto, (max-width: 598px) 100vw, 598px\" \/><\/figure>\n<\/figure>\n\n\n\n<p><\/p>\n","protected":false},"excerpt":{"rendered":"<p>Na noite desta quarta-feira (05), por volta das 23h20, uma equipe da ROTAM juntamente com policiais do 3\u00ba Pelot\u00e3o Cabo Abr\u00e3o Kanclarovicz de Mallet, prendeu um homem em flagrante pelo crime de tr\u00e1fico de drogas no bairro Vila Mariana. Segundo o Boletim de Ocorr\u00eancia, a a\u00e7\u00e3o ocorreu durante um patrulhamento de rotina, quando os policiais [&hellip;]<\/p>\n","protected":false},"author":2,"featured_media":33775,"comment_status":"open","ping_status":"open","sticky":false,"template":"","format":"standard","meta":{"footnotes":""},"categories":[2,185],"tags":[172],"class_list":["post-33774","post","type-post","status-publish","format-standard","has-post-thumbnail","hentry","category-policial","category-regional","tag-featured"],"amp_enabled":true,"_links":{"self":[{"href":"https:\/\/radiostudiow.com.br\/site\/wp-json\/wp\/v2\/posts\/33774","targetHints":{"allow":["GET"]}}],"collection":[{"href":"https:\/\/radiostudiow.com.br\/site\/wp-json\/wp\/v2\/posts"}],"about":[{"href":"https:\/\/radiostudiow.com.br\/site\/wp-json\/wp\/v2\/types\/post"}],"author":[{"embeddable":true,"href":"https:\/\/radiostudiow.com.br\/site\/wp-json\/wp\/v2\/users\/2"}],"replies":[{"embeddable":true,"href":"https:\/\/radiostudiow.com.br\/site\/wp-json\/wp\/v2\/comments?post=33774"}],"version-history":[{"count":3,"href":"https:\/\/radiostudiow.com.br\/site\/wp-json\/wp\/v2\/posts\/33774\/revisions"}],"predecessor-version":[{"id":33779,"href":"https:\/\/radiostudiow.com.br\/site\/wp-json\/wp\/v2\/posts\/33774\/revisions\/33779"}],"wp:featuredmedia":[{"embeddable":true,"href":"https:\/\/radiostudiow.com.br\/site\/wp-json\/wp\/v2\/media\/33775"}],"wp:attachment":[{"href":"https:\/\/radiostudiow.com.br\/site\/wp-json\/wp\/v2\/media?parent=33774"}],"wp:term":[{"taxonomy":"category","embeddable":true,"href":"https:\/\/radiostudiow.com.br\/site\/wp-json\/wp\/v2\/categories?post=33774"},{"taxonomy":"post_tag","embeddable":true,"href":"https:\/\/radiostudiow.com.br\/site\/wp-json\/wp\/v2\/tags?post=33774"}],"curies":[{"name":"wp","href":"https:\/\/api.w.org\/{rel}","templated":true}]}}