{"id":33781,"date":"2025-02-06T11:28:20","date_gmt":"2025-02-06T14:28:20","guid":{"rendered":"https:\/\/radiostudiow.com.br\/site\/?p=33781"},"modified":"2025-02-06T11:28:21","modified_gmt":"2025-02-06T14:28:21","slug":"conheca-que-sao-os-novos-membros-da-diretoria-do-hospital-de-caridade-sao-pedro-de-mallet-para-o-bienio-2025-2026","status":"publish","type":"post","link":"https:\/\/radiostudiow.com.br\/site\/2025\/02\/06\/conheca-que-sao-os-novos-membros-da-diretoria-do-hospital-de-caridade-sao-pedro-de-mallet-para-o-bienio-2025-2026\/","title":{"rendered":"CONHE\u00c7A QUE S\u00c3O OS NOVOS MEMBROS DA DIRETORIA DO HOSPITAL DE CARIDADE S\u00c3O PEDRO DE MALLET PARA O BI\u00caNIO 2025-2026"},"content":{"rendered":"\n<p>Na \u00faltima ter\u00e7a-feira (04), foi eleita a nova diretoria que estar\u00e1 \u00e0 frente do Hospital de Caridade S\u00e3o Pedro, em Mallet, para o bi\u00eanio 2025-2026. A elei\u00e7\u00e3o aconteceu ap\u00f3s oito anos de mandato da atual presidente, Leocadia Mierzva.<\/p>\n\n\n\n<figure class=\"wp-block-image size-full\"><img loading=\"lazy\" decoding=\"async\" width=\"897\" height=\"204\" src=\"https:\/\/radiostudiow.com.br\/site\/wp-content\/uploads\/2025\/01\/SITE-GRANDE4.png\" alt=\"\" class=\"wp-image-32888\" srcset=\"https:\/\/radiostudiow.com.br\/site\/wp-content\/uploads\/2025\/01\/SITE-GRANDE4.png 897w, https:\/\/radiostudiow.com.br\/site\/wp-content\/uploads\/2025\/01\/SITE-GRANDE4-300x68.png 300w, https:\/\/radiostudiow.com.br\/site\/wp-content\/uploads\/2025\/01\/SITE-GRANDE4-768x175.png 768w\" sizes=\"auto, (max-width: 897px) 100vw, 897px\" \/><\/figure>\n\n\n\n<p>A vota\u00e7\u00e3o ocorreu com chapa \u00fanica e foi aprovada quase por unanimidade, com apenas um voto contr\u00e1rio. Confira a nova composi\u00e7\u00e3o da diretoria:<\/p>\n\n\n\n<p>Presidente: Elson Rog\u00e9rio Krinski<br>Vice-Presidente: Rodrigo S\u00e1<br>1\u00aa Secret\u00e1ria: Renilda S. Lazoski<br>2\u00aa Secret\u00e1ria: Valquiria De Oliveira Ganzert<br>1\u00ba Tesoureiro: Fernando Janke<br>2\u00aa Tesoureira: Leonice Valard\u00e3o<br>Conselho Fiscal:<br>\u2022 Maria Aparecida Tarachuk<br>\u2022 Gilmar Gluszka<br>\u2022 Cristiane Przybysz<br>Suplentes:<br>\u2022 Iadviga Miscovicz<br>\u2022 Clara Sobanski<br>\u2022 Leocadia Hretiuk Mierzva<\/p>\n\n\n\n<figure class=\"wp-block-image size-full\"><img loading=\"lazy\" decoding=\"async\" width=\"900\" height=\"408\" src=\"https:\/\/radiostudiow.com.br\/site\/wp-content\/uploads\/2025\/01\/SITE-E-TV.png\" alt=\"\" class=\"wp-image-33052\" srcset=\"https:\/\/radiostudiow.com.br\/site\/wp-content\/uploads\/2025\/01\/SITE-E-TV.png 900w, https:\/\/radiostudiow.com.br\/site\/wp-content\/uploads\/2025\/01\/SITE-E-TV-300x136.png 300w, https:\/\/radiostudiow.com.br\/site\/wp-content\/uploads\/2025\/01\/SITE-E-TV-768x348.png 768w\" sizes=\"auto, (max-width: 900px) 100vw, 900px\" \/><\/figure>\n\n\n\n<p>A nova gest\u00e3o assume oficialmente no dia 15 de fevereiro e ter\u00e1 pela frente desafios e compromissos para manter a qualidade dos servi\u00e7os prestados pelo hospital.<\/p>\n\n\n\n<p><strong>Acompanhe a entrevista com o novo presidente, Elson Krinski, onde ele comenta sobre as dificuldades e expectativas para os pr\u00f3ximos anos no comando do Hospital de Caridade S\u00e3o Pedro.<\/strong><\/p>\n\n\n\n<figure class=\"wp-block-embed is-type-video is-provider-youtube wp-block-embed-youtube wp-embed-aspect-16-9 wp-has-aspect-ratio\"><div class=\"wp-block-embed__wrapper\">\n<iframe loading=\"lazy\" title=\"PROFESSOR ELSON KRINSKI \u00c9 O NOVO PRESIDENTE DO HOSPITAL S\u00c3O PEDRO DE MALLET\" width=\"740\" height=\"416\" src=\"https:\/\/www.youtube.com\/embed\/CborKBc3VRw?feature=oembed\" frameborder=\"0\" allow=\"accelerometer; autoplay; clipboard-write; encrypted-media; gyroscope; picture-in-picture; web-share\" referrerpolicy=\"strict-origin-when-cross-origin\" allowfullscreen><\/iframe>\n<\/div><\/figure>\n","protected":false},"excerpt":{"rendered":"<p>Na \u00faltima ter\u00e7a-feira (04), foi eleita a nova diretoria que estar\u00e1 \u00e0 frente do Hospital de Caridade S\u00e3o Pedro, em Mallet, para o bi\u00eanio 2025-2026. A elei\u00e7\u00e3o aconteceu ap\u00f3s oito anos de mandato da atual presidente, Leocadia Mierzva. A vota\u00e7\u00e3o ocorreu com chapa \u00fanica e foi aprovada quase por unanimidade, com apenas um voto contr\u00e1rio. [&hellip;]<\/p>\n","protected":false},"author":2,"featured_media":33783,"comment_status":"open","ping_status":"open","sticky":false,"template":"","format":"standard","meta":{"footnotes":""},"categories":[184],"tags":[172],"class_list":["post-33781","post","type-post","status-publish","format-standard","has-post-thumbnail","hentry","category-local","tag-featured"],"amp_enabled":true,"_links":{"self":[{"href":"https:\/\/radiostudiow.com.br\/site\/wp-json\/wp\/v2\/posts\/33781","targetHints":{"allow":["GET"]}}],"collection":[{"href":"https:\/\/radiostudiow.com.br\/site\/wp-json\/wp\/v2\/posts"}],"about":[{"href":"https:\/\/radiostudiow.com.br\/site\/wp-json\/wp\/v2\/types\/post"}],"author":[{"embeddable":true,"href":"https:\/\/radiostudiow.com.br\/site\/wp-json\/wp\/v2\/users\/2"}],"replies":[{"embeddable":true,"href":"https:\/\/radiostudiow.com.br\/site\/wp-json\/wp\/v2\/comments?post=33781"}],"version-history":[{"count":3,"href":"https:\/\/radiostudiow.com.br\/site\/wp-json\/wp\/v2\/posts\/33781\/revisions"}],"predecessor-version":[{"id":33788,"href":"https:\/\/radiostudiow.com.br\/site\/wp-json\/wp\/v2\/posts\/33781\/revisions\/33788"}],"wp:featuredmedia":[{"embeddable":true,"href":"https:\/\/radiostudiow.com.br\/site\/wp-json\/wp\/v2\/media\/33783"}],"wp:attachment":[{"href":"https:\/\/radiostudiow.com.br\/site\/wp-json\/wp\/v2\/media?parent=33781"}],"wp:term":[{"taxonomy":"category","embeddable":true,"href":"https:\/\/radiostudiow.com.br\/site\/wp-json\/wp\/v2\/categories?post=33781"},{"taxonomy":"post_tag","embeddable":true,"href":"https:\/\/radiostudiow.com.br\/site\/wp-json\/wp\/v2\/tags?post=33781"}],"curies":[{"name":"wp","href":"https:\/\/api.w.org\/{rel}","templated":true}]}}