{"id":33789,"date":"2025-02-06T11:38:25","date_gmt":"2025-02-06T14:38:25","guid":{"rendered":"https:\/\/radiostudiow.com.br\/site\/?p=33789"},"modified":"2025-02-06T11:38:25","modified_gmt":"2025-02-06T14:38:25","slug":"homem-e-preso-por-posse-irregular-de-armas-e-municoes-em-prudentopolis","status":"publish","type":"post","link":"https:\/\/radiostudiow.com.br\/site\/2025\/02\/06\/homem-e-preso-por-posse-irregular-de-armas-e-municoes-em-prudentopolis\/","title":{"rendered":"Homem \u00e9 preso por posse irregular de armas e muni\u00e7\u00f5es em Prudent\u00f3polis"},"content":{"rendered":"\n<p>Em Prudent\u00f3polis, na manh\u00e3 desta ter\u00e7a-feira (04-02), por volta das 10h30min, um homem de 40 anos foi preso por posse irregular de armas de fogo e muni\u00e7\u00f5es. A a\u00e7\u00e3o ocorreu na \u00e1rea rural, mais precisamente na Linha Rio da Areia, ap\u00f3s solicita\u00e7\u00e3o dos Oficiais de Justi\u00e7a para o cumprimento de um Mandado de Reintegra\u00e7\u00e3o\/Manuten\u00e7\u00e3o de Posse, expedido pela Vara C\u00edvel de Prudent\u00f3polis.<\/p>\n\n\n\n<p>A equipe policial se deslocou at\u00e9 o local para cumprir a ordem judicial e, ao fazer contato com o homem, ele inicialmente acatou a ordem, alegando que entraria na resid\u00eancia para pegar alguns pertences. No entanto, sua atitude gerou suspeitas entre os policiais, levantando a possibilidade de uma tentativa de fuga.<\/p>\n\n\n\n<figure class=\"wp-block-image size-full\"><img loading=\"lazy\" decoding=\"async\" width=\"598\" height=\"204\" src=\"https:\/\/radiostudiow.com.br\/site\/wp-content\/uploads\/2025\/01\/SITE-MEDIO2.png\" alt=\"\" class=\"wp-image-32844\" srcset=\"https:\/\/radiostudiow.com.br\/site\/wp-content\/uploads\/2025\/01\/SITE-MEDIO2.png 598w, https:\/\/radiostudiow.com.br\/site\/wp-content\/uploads\/2025\/01\/SITE-MEDIO2-300x102.png 300w\" sizes=\"auto, (max-width: 598px) 100vw, 598px\" \/><\/figure>\n\n\n\n<p>Durante a abordagem, ao contornar o im\u00f3vel, os policiais avistaram o homem atr\u00e1s de uma chamin\u00e9, na parte externa da resid\u00eancia, portando uma arma de fogo. Ele estava com um rifle calibre 22, carregado, destravado e em posi\u00e7\u00e3o pronta para disparo, al\u00e9m de uma espingarda calibre 36, desmuniciada, ao seu lado.<\/p>\n\n\n\n<p>Ap\u00f3s a abordagem e a confirma\u00e7\u00e3o da situa\u00e7\u00e3o, o suspeito foi questionado sobre outros materiais il\u00edcitos, indicando os locais onde estavam armazenados diversos itens.<em> Durante a busca domiciliar autorizada, foram encontrados:<\/em><\/p>\n\n\n\n<ul class=\"wp-block-list\">\n<li>03 cartuchos intactos de calibre 36;<\/li>\n\n\n\n<li>01 cartucho deflagrado de calibre 36;<\/li>\n\n\n\n<li>01 cartucho intacto de calibre 32;<\/li>\n\n\n\n<li>03 frascos de p\u00f3lvora negra parcialmente usada;<\/li>\n\n\n\n<li>02 cartuchos vazios de espingarda calibre 16;<\/li>\n\n\n\n<li>10 muni\u00e7\u00f5es de calibre 22 (sendo 09 picotadas e 02 intactas);<\/li>\n\n\n\n<li>01 frasco de p\u00f3lvora branca parcialmente usada;<\/li>\n\n\n\n<li>02 frascos de chumbo parcialmente usados;<\/li>\n\n\n\n<li>120 espoletas.<\/li>\n<\/ul>\n\n\n\n<p>Al\u00e9m disso, foram apreendidas as seguintes armas:<\/p>\n\n\n\n<ul class=\"wp-block-list\">\n<li>Uma espingarda calibre 36, marca CBC;<\/li>\n\n\n\n<li>Um rifle calibre 22, marca Rossi, adaptado com a ponta do cano para uso de silenciador e capacidade para um tiro;<\/li>\n\n\n\n<li>Uma carabina de press\u00e3o 4.5.<\/li>\n<\/ul>\n\n\n\n<figure class=\"wp-block-image size-full\"><img loading=\"lazy\" decoding=\"async\" width=\"300\" height=\"180\" src=\"https:\/\/radiostudiow.com.br\/site\/wp-content\/uploads\/2025\/01\/SITE-PEQUENO3.png\" alt=\"\" class=\"wp-image-32851\"\/><\/figure>\n\n\n\n<p>O homem foi preso em flagrante e encaminhado para a Delegacia de Pol\u00edcia Judici\u00e1ria, onde os procedimentos legais foram tomados. A apreens\u00e3o de armas e muni\u00e7\u00f5es ilegais e a r\u00e1pida a\u00e7\u00e3o policial evidenciam a import\u00e2ncia do cumprimento da lei e da seguran\u00e7a p\u00fablica na regi\u00e3o.<\/p>\n\n\n\n<p><em>Com informa\u00e7\u00f5es da Pol\u00edcia Militar.<\/em><a href=\"https:\/\/api.whatsapp.com\/send?text=Homem%20%C3%A9%20preso%20por%20posse%20irregular%20de%20armas%20e%20muni%C3%A7%C3%B5es%20em%20Prudent%C3%B3polis%20-%20https:\/\/alvoradanoar.com.br\/noticia\/689822\" target=\"_blank\" rel=\"noreferrer noopener\"><\/a><\/p>\n","protected":false},"excerpt":{"rendered":"<p>Em Prudent\u00f3polis, na manh\u00e3 desta ter\u00e7a-feira (04-02), por volta das 10h30min, um homem de 40 anos foi preso por posse irregular de armas de fogo e muni\u00e7\u00f5es. A a\u00e7\u00e3o ocorreu na \u00e1rea rural, mais precisamente na Linha Rio da Areia, ap\u00f3s solicita\u00e7\u00e3o dos Oficiais de Justi\u00e7a para o cumprimento de um Mandado de Reintegra\u00e7\u00e3o\/Manuten\u00e7\u00e3o de [&hellip;]<\/p>\n","protected":false},"author":2,"featured_media":33790,"comment_status":"open","ping_status":"open","sticky":false,"template":"","format":"standard","meta":{"footnotes":""},"categories":[2],"tags":[172],"class_list":["post-33789","post","type-post","status-publish","format-standard","has-post-thumbnail","hentry","category-policial","tag-featured"],"amp_enabled":true,"_links":{"self":[{"href":"https:\/\/radiostudiow.com.br\/site\/wp-json\/wp\/v2\/posts\/33789","targetHints":{"allow":["GET"]}}],"collection":[{"href":"https:\/\/radiostudiow.com.br\/site\/wp-json\/wp\/v2\/posts"}],"about":[{"href":"https:\/\/radiostudiow.com.br\/site\/wp-json\/wp\/v2\/types\/post"}],"author":[{"embeddable":true,"href":"https:\/\/radiostudiow.com.br\/site\/wp-json\/wp\/v2\/users\/2"}],"replies":[{"embeddable":true,"href":"https:\/\/radiostudiow.com.br\/site\/wp-json\/wp\/v2\/comments?post=33789"}],"version-history":[{"count":1,"href":"https:\/\/radiostudiow.com.br\/site\/wp-json\/wp\/v2\/posts\/33789\/revisions"}],"predecessor-version":[{"id":33791,"href":"https:\/\/radiostudiow.com.br\/site\/wp-json\/wp\/v2\/posts\/33789\/revisions\/33791"}],"wp:featuredmedia":[{"embeddable":true,"href":"https:\/\/radiostudiow.com.br\/site\/wp-json\/wp\/v2\/media\/33790"}],"wp:attachment":[{"href":"https:\/\/radiostudiow.com.br\/site\/wp-json\/wp\/v2\/media?parent=33789"}],"wp:term":[{"taxonomy":"category","embeddable":true,"href":"https:\/\/radiostudiow.com.br\/site\/wp-json\/wp\/v2\/categories?post=33789"},{"taxonomy":"post_tag","embeddable":true,"href":"https:\/\/radiostudiow.com.br\/site\/wp-json\/wp\/v2\/tags?post=33789"}],"curies":[{"name":"wp","href":"https:\/\/api.w.org\/{rel}","templated":true}]}}