{"id":33816,"date":"2025-02-07T09:06:35","date_gmt":"2025-02-07T12:06:35","guid":{"rendered":"https:\/\/radiostudiow.com.br\/site\/?p=33816"},"modified":"2025-02-07T09:06:43","modified_gmt":"2025-02-07T12:06:43","slug":"em-menos-de-24h-tres-incendios-atingem-estufas-de-fumo-em-irineopolis","status":"publish","type":"post","link":"https:\/\/radiostudiow.com.br\/site\/2025\/02\/07\/em-menos-de-24h-tres-incendios-atingem-estufas-de-fumo-em-irineopolis\/","title":{"rendered":"Em menos de 24h, tr\u00eas inc\u00eandios atingem estufas de fumo em Irine\u00f3polis"},"content":{"rendered":"\n<p>\u00c0s 21h30min desta quinta-feira (6), o Corpo de Bombeiros de Irine\u00f3polis deslocou at\u00e9 a Localidade de Rio Vermelho para atender a um inc\u00eandio em uma estufa de secagem de tabaco.<\/p>\n\n\n\n<p>No local foi confirmada a ocorr\u00eancia, onde o fogo j\u00e1 estava em sua fase final. A referida constru\u00e7\u00e3o media aproximadamente 44 m\u00b2 e encontrava-se carregada com tabaco para secagem, continha aproximadamente 1.800kg do produto. O fogo atingiu diretamente o material e a estrutura da cobertura da estufa.<\/p>\n\n\n\n<figure class=\"wp-block-image size-full\"><img loading=\"lazy\" decoding=\"async\" width=\"897\" height=\"204\" src=\"https:\/\/radiostudiow.com.br\/site\/wp-content\/uploads\/2025\/01\/SITE-GRANDE4.png\" alt=\"\" class=\"wp-image-32888\" srcset=\"https:\/\/radiostudiow.com.br\/site\/wp-content\/uploads\/2025\/01\/SITE-GRANDE4.png 897w, https:\/\/radiostudiow.com.br\/site\/wp-content\/uploads\/2025\/01\/SITE-GRANDE4-300x68.png 300w, https:\/\/radiostudiow.com.br\/site\/wp-content\/uploads\/2025\/01\/SITE-GRANDE4-768x175.png 768w\" sizes=\"auto, (max-width: 897px) 100vw, 897px\" \/><\/figure>\n\n\n\n<p>No local o propriet\u00e1rio j\u00e1 estava resfriando a \u00e1rea n\u00e3o atingida para evitar a propaga\u00e7\u00e3o das chamas. Os bombeiros utilizando aproximadamente 3500 litros de \u00e1gua, o local foi deixado em seguran\u00e7a aos cuidados do propriet\u00e1rio.<\/p>\n\n\n\n<p>E nesta manh\u00e3 de sexta-feira infelizmente outro inc\u00eandio em estufa de fumo est\u00e1 sendo atendida pelos bombeiros em Irine\u00f3polis, com isso, em menos de 24h foram tr\u00eas inc\u00eandios registrados em estufas de fumo no munic\u00edpio.\u00a0<\/p>\n\n\n\n<p>Via: CBMSC<\/p>\n","protected":false},"excerpt":{"rendered":"<p>\u00c0s 21h30min desta quinta-feira (6), o Corpo de Bombeiros de Irine\u00f3polis deslocou at\u00e9 a Localidade de Rio Vermelho para atender a um inc\u00eandio em uma estufa de secagem de tabaco. No local foi confirmada a ocorr\u00eancia, onde o fogo j\u00e1 estava em sua fase final. A referida constru\u00e7\u00e3o media aproximadamente 44 m\u00b2 e encontrava-se carregada [&hellip;]<\/p>\n","protected":false},"author":2,"featured_media":33817,"comment_status":"open","ping_status":"open","sticky":false,"template":"","format":"standard","meta":{"footnotes":""},"categories":[185],"tags":[172],"class_list":["post-33816","post","type-post","status-publish","format-standard","has-post-thumbnail","hentry","category-regional","tag-featured"],"amp_enabled":true,"_links":{"self":[{"href":"https:\/\/radiostudiow.com.br\/site\/wp-json\/wp\/v2\/posts\/33816","targetHints":{"allow":["GET"]}}],"collection":[{"href":"https:\/\/radiostudiow.com.br\/site\/wp-json\/wp\/v2\/posts"}],"about":[{"href":"https:\/\/radiostudiow.com.br\/site\/wp-json\/wp\/v2\/types\/post"}],"author":[{"embeddable":true,"href":"https:\/\/radiostudiow.com.br\/site\/wp-json\/wp\/v2\/users\/2"}],"replies":[{"embeddable":true,"href":"https:\/\/radiostudiow.com.br\/site\/wp-json\/wp\/v2\/comments?post=33816"}],"version-history":[{"count":1,"href":"https:\/\/radiostudiow.com.br\/site\/wp-json\/wp\/v2\/posts\/33816\/revisions"}],"predecessor-version":[{"id":33818,"href":"https:\/\/radiostudiow.com.br\/site\/wp-json\/wp\/v2\/posts\/33816\/revisions\/33818"}],"wp:featuredmedia":[{"embeddable":true,"href":"https:\/\/radiostudiow.com.br\/site\/wp-json\/wp\/v2\/media\/33817"}],"wp:attachment":[{"href":"https:\/\/radiostudiow.com.br\/site\/wp-json\/wp\/v2\/media?parent=33816"}],"wp:term":[{"taxonomy":"category","embeddable":true,"href":"https:\/\/radiostudiow.com.br\/site\/wp-json\/wp\/v2\/categories?post=33816"},{"taxonomy":"post_tag","embeddable":true,"href":"https:\/\/radiostudiow.com.br\/site\/wp-json\/wp\/v2\/tags?post=33816"}],"curies":[{"name":"wp","href":"https:\/\/api.w.org\/{rel}","templated":true}]}}