{"id":33842,"date":"2025-02-07T18:01:32","date_gmt":"2025-02-07T21:01:32","guid":{"rendered":"https:\/\/radiostudiow.com.br\/site\/?p=33842"},"modified":"2025-02-07T18:01:42","modified_gmt":"2025-02-07T21:01:42","slug":"arvore-cai-sobre-fiacao-eletrica-na-pr-364-no-paiol-grande-em-sao-mateus-do-sul","status":"publish","type":"post","link":"https:\/\/radiostudiow.com.br\/site\/2025\/02\/07\/arvore-cai-sobre-fiacao-eletrica-na-pr-364-no-paiol-grande-em-sao-mateus-do-sul\/","title":{"rendered":"\u00c1rvore cai sobre fia\u00e7\u00e3o el\u00e9trica na PR-364 em S\u00e3o Mateus do Sul"},"content":{"rendered":"\n<p>Uma \u00e1rvore caiu por volta de 16h30min da tarde desta sexta-feira, 07 de fevereiro, \u00e0s margens da PR-364, na regi\u00e3o do Paiol Grande, em S\u00e3o Mateus do Sul.<\/p>\n\n\n\n<figure class=\"wp-block-image size-full\"><img loading=\"lazy\" decoding=\"async\" width=\"598\" height=\"204\" src=\"https:\/\/radiostudiow.com.br\/site\/wp-content\/uploads\/2025\/01\/SITE-MEDIO7.png\" alt=\"\" class=\"wp-image-32801\" srcset=\"https:\/\/radiostudiow.com.br\/site\/wp-content\/uploads\/2025\/01\/SITE-MEDIO7.png 598w, https:\/\/radiostudiow.com.br\/site\/wp-content\/uploads\/2025\/01\/SITE-MEDIO7-300x102.png 300w\" sizes=\"auto, (max-width: 598px) 100vw, 598px\" \/><\/figure>\n\n\n\n<p>Conforme informa\u00e7\u00f5es apuradas pelo\u00a0Portal RDX\u00a0no local, um vento forte causou a queda da \u00e1rvore sobre a fia\u00e7\u00e3o el\u00e9trica, que deixou moradores sem energia el\u00e9trica.<\/p>\n\n\n\n<p>Equipes de uma empresa terceirizada da Copel est\u00e3o no local para agilizar a volta da energia na regi\u00e3o. O tr\u00e2nsito segue normal, por\u00e9m exige aten\u00e7\u00e3o do motorista.<\/p>\n\n\n\n<figure class=\"wp-block-image\"><img decoding=\"async\" src=\"https:\/\/portalrdx.com.br\/wp-content\/uploads\/2025\/02\/WhatsApp-Image-2025-02-07-at-16.57.33-1024x768.jpeg\" alt=\"\" class=\"wp-image-95812\"\/><figcaption class=\"wp-element-caption\">Foto: Edinei Cruz\/PORTAL RDX.<\/figcaption><\/figure>\n\n\n\n<figure class=\"wp-block-image\"><img decoding=\"async\" src=\"https:\/\/portalrdx.com.br\/wp-content\/uploads\/2025\/02\/WhatsApp-Image-2025-02-07-at-16.57.33-1-1024x768.jpeg\" alt=\"\" class=\"wp-image-95813\"\/><figcaption class=\"wp-element-caption\">Foto: Edinei Cruz\/PORTAL RDX.<\/figcaption><\/figure>\n\n\n\n<figure class=\"wp-block-image\"><img decoding=\"async\" src=\"https:\/\/portalrdx.com.br\/wp-content\/uploads\/2025\/02\/WhatsApp-Image-2025-02-07-at-16.57.35-1024x768.jpeg\" alt=\"\" class=\"wp-image-95814\"\/><figcaption class=\"wp-element-caption\">Foto: Edinei Cruz\/PORTAL RDX.<\/figcaption><\/figure>\n\n\n\n<figure class=\"wp-block-image\"><img decoding=\"async\" src=\"https:\/\/portalrdx.com.br\/wp-content\/uploads\/2025\/02\/WhatsApp-Image-2025-02-07-at-16.57.35-1-1024x768.jpeg\" alt=\"\" class=\"wp-image-95815\"\/><figcaption class=\"wp-element-caption\">Foto: Edinei Cruz\/PORTAL RDX.<\/figcaption><\/figure>\n","protected":false},"excerpt":{"rendered":"<p>Uma \u00e1rvore caiu por volta de 16h30min da tarde desta sexta-feira, 07 de fevereiro, \u00e0s margens da PR-364, na regi\u00e3o do Paiol Grande, em S\u00e3o Mateus do Sul. Conforme informa\u00e7\u00f5es apuradas pelo\u00a0Portal RDX\u00a0no local, um vento forte causou a queda da \u00e1rvore sobre a fia\u00e7\u00e3o el\u00e9trica, que deixou moradores sem energia el\u00e9trica. Equipes de uma [&hellip;]<\/p>\n","protected":false},"author":2,"featured_media":33843,"comment_status":"open","ping_status":"open","sticky":false,"template":"","format":"standard","meta":{"footnotes":""},"categories":[185],"tags":[172],"class_list":["post-33842","post","type-post","status-publish","format-standard","has-post-thumbnail","hentry","category-regional","tag-featured"],"amp_enabled":true,"_links":{"self":[{"href":"https:\/\/radiostudiow.com.br\/site\/wp-json\/wp\/v2\/posts\/33842","targetHints":{"allow":["GET"]}}],"collection":[{"href":"https:\/\/radiostudiow.com.br\/site\/wp-json\/wp\/v2\/posts"}],"about":[{"href":"https:\/\/radiostudiow.com.br\/site\/wp-json\/wp\/v2\/types\/post"}],"author":[{"embeddable":true,"href":"https:\/\/radiostudiow.com.br\/site\/wp-json\/wp\/v2\/users\/2"}],"replies":[{"embeddable":true,"href":"https:\/\/radiostudiow.com.br\/site\/wp-json\/wp\/v2\/comments?post=33842"}],"version-history":[{"count":2,"href":"https:\/\/radiostudiow.com.br\/site\/wp-json\/wp\/v2\/posts\/33842\/revisions"}],"predecessor-version":[{"id":33845,"href":"https:\/\/radiostudiow.com.br\/site\/wp-json\/wp\/v2\/posts\/33842\/revisions\/33845"}],"wp:featuredmedia":[{"embeddable":true,"href":"https:\/\/radiostudiow.com.br\/site\/wp-json\/wp\/v2\/media\/33843"}],"wp:attachment":[{"href":"https:\/\/radiostudiow.com.br\/site\/wp-json\/wp\/v2\/media?parent=33842"}],"wp:term":[{"taxonomy":"category","embeddable":true,"href":"https:\/\/radiostudiow.com.br\/site\/wp-json\/wp\/v2\/categories?post=33842"},{"taxonomy":"post_tag","embeddable":true,"href":"https:\/\/radiostudiow.com.br\/site\/wp-json\/wp\/v2\/tags?post=33842"}],"curies":[{"name":"wp","href":"https:\/\/api.w.org\/{rel}","templated":true}]}}