{"id":3386,"date":"2021-08-25T16:49:29","date_gmt":"2021-08-25T19:49:29","guid":{"rendered":"https:\/\/radiostudiow.com.br\/site\/?p=3386"},"modified":"2025-01-31T15:12:30","modified_gmt":"2025-01-31T18:12:30","slug":"funcionario-teve-sua-moto-furtada-do-estacionamento-da-empresa-em-mallet","status":"publish","type":"post","link":"https:\/\/radiostudiow.com.br\/site\/2021\/08\/25\/funcionario-teve-sua-moto-furtada-do-estacionamento-da-empresa-em-mallet\/","title":{"rendered":"Funcion\u00e1rio teve motocicleta furtada do estacionamento da empresa em Mallet"},"content":{"rendered":"\n<p>Um homem acionou a equipe da Pol\u00edcia Militar de Mallet ap\u00f3s ser v\u00edtima de furto em seu local de trabalho na Avenida dos Trabalhadores por volta das 22:00 horas dessa ter\u00e7a \u2013 feira (24).<\/p>\n\n\n\n<p>De acordo com o solicitante, ele deixou sua motocicleta Honda\/CG 150 Titan, estacionada sem chaves, durante a tarde no estacionamento da Empresa que trabalha e ao retornar as 22:00 horas constatou que o ve\u00edculo n\u00e3o estava mais no local.<\/p>\n\n\n\n<p>Segundo o funcion\u00e1rio as c\u00e2meras do local n\u00e3o alcan\u00e7am o local onde estava estacionada a motocicleta e ainda relatou que adquiriu a motocicleta h\u00e1 algumas semanas e ainda n\u00e3o transferiu para seu nome os documentos.<\/p>\n\n\n\n<p>Os policiais realizaram o patrulhamento pelo local, por\u00e9m, nenhum suspeito foi localizado at\u00e9 o momento.<\/p>\n\n\n\n<figure class=\"wp-block-image size-full\"><img decoding=\"async\" src=\"https:\/\/radiostudiow.com.br\/site\/wp-content\/uploads\/2021\/08\/vem_ai-1.jpg\" alt=\"\" class=\"wp-image-3387\"\/><\/figure>\n","protected":false},"excerpt":{"rendered":"<p>Um homem acionou a equipe da Pol\u00edcia Militar de Mallet ap\u00f3s ser v\u00edtima de furto em seu local de trabalho na Avenida dos Trabalhadores por volta das 22:00 horas dessa ter\u00e7a \u2013 feira (24). De acordo com o solicitante, ele deixou sua motocicleta Honda\/CG 150 Titan, estacionada sem chaves, durante a tarde no estacionamento da [&hellip;]<\/p>\n","protected":false},"author":2,"featured_media":3207,"comment_status":"open","ping_status":"open","sticky":false,"template":"","format":"standard","meta":{"footnotes":""},"categories":[2],"tags":[172],"class_list":["post-3386","post","type-post","status-publish","format-standard","has-post-thumbnail","hentry","category-policial","tag-featured"],"amp_enabled":true,"_links":{"self":[{"href":"https:\/\/radiostudiow.com.br\/site\/wp-json\/wp\/v2\/posts\/3386","targetHints":{"allow":["GET"]}}],"collection":[{"href":"https:\/\/radiostudiow.com.br\/site\/wp-json\/wp\/v2\/posts"}],"about":[{"href":"https:\/\/radiostudiow.com.br\/site\/wp-json\/wp\/v2\/types\/post"}],"author":[{"embeddable":true,"href":"https:\/\/radiostudiow.com.br\/site\/wp-json\/wp\/v2\/users\/2"}],"replies":[{"embeddable":true,"href":"https:\/\/radiostudiow.com.br\/site\/wp-json\/wp\/v2\/comments?post=3386"}],"version-history":[{"count":4,"href":"https:\/\/radiostudiow.com.br\/site\/wp-json\/wp\/v2\/posts\/3386\/revisions"}],"predecessor-version":[{"id":3399,"href":"https:\/\/radiostudiow.com.br\/site\/wp-json\/wp\/v2\/posts\/3386\/revisions\/3399"}],"wp:featuredmedia":[{"embeddable":true,"href":"https:\/\/radiostudiow.com.br\/site\/wp-json\/wp\/v2\/media\/3207"}],"wp:attachment":[{"href":"https:\/\/radiostudiow.com.br\/site\/wp-json\/wp\/v2\/media?parent=3386"}],"wp:term":[{"taxonomy":"category","embeddable":true,"href":"https:\/\/radiostudiow.com.br\/site\/wp-json\/wp\/v2\/categories?post=3386"},{"taxonomy":"post_tag","embeddable":true,"href":"https:\/\/radiostudiow.com.br\/site\/wp-json\/wp\/v2\/tags?post=3386"}],"curies":[{"name":"wp","href":"https:\/\/api.w.org\/{rel}","templated":true}]}}