{"id":33868,"date":"2025-02-07T18:31:52","date_gmt":"2025-02-07T21:31:52","guid":{"rendered":"https:\/\/radiostudiow.com.br\/site\/?p=33868"},"modified":"2025-02-08T14:17:34","modified_gmt":"2025-02-08T17:17:34","slug":"deputado-hussein-backri-se-reune-com-academicos-de-mallet-e-garante-o-repasse-complementar-do-subsidio-ao-transporte-universitario","status":"publish","type":"post","link":"https:\/\/radiostudiow.com.br\/site\/2025\/02\/07\/deputado-hussein-backri-se-reune-com-academicos-de-mallet-e-garante-o-repasse-complementar-do-subsidio-ao-transporte-universitario\/","title":{"rendered":"DEPUTADO HUSSEIN BAKRI SE RE\u00daNE COM ACAD\u00caMICOS DE MALLET E GARANTE O REPASSE COMPLEMENTAR DO SUBSIDIO AO TRANSPORTE UNIVERSIT\u00c1RIO"},"content":{"rendered":"\n<figure class=\"wp-block-image size-full\"><img loading=\"lazy\" decoding=\"async\" width=\"897\" height=\"204\" src=\"https:\/\/radiostudiow.com.br\/site\/wp-content\/uploads\/2025\/01\/SITE-GRANDE5.png\" alt=\"\" class=\"wp-image-32814\" srcset=\"https:\/\/radiostudiow.com.br\/site\/wp-content\/uploads\/2025\/01\/SITE-GRANDE5.png 897w, https:\/\/radiostudiow.com.br\/site\/wp-content\/uploads\/2025\/01\/SITE-GRANDE5-300x68.png 300w, https:\/\/radiostudiow.com.br\/site\/wp-content\/uploads\/2025\/01\/SITE-GRANDE5-768x175.png 768w\" sizes=\"auto, (max-width: 897px) 100vw, 897px\" \/><\/figure>\n\n\n\n<blockquote class=\"wp-block-quote is-layout-flow wp-block-quote-is-layout-flow\">\n<p class=\"has-text-align-center\">Atrav\u00e9s do Vereador L\u00e9o do PSD, o anuncio do repasse de 1 milh\u00e3o de Reais vai garantir o complemento do valor do subs\u00eddio em 100% para o transporte gratuito as Faculdades de Uni\u00e3o da Vitoria, Porto Uni\u00e3o e Irati neste e para o pr\u00f3ximo ano.<\/p>\n<\/blockquote>\n\n\n\n<p>Nesta quinta-feira (06), a C\u00e2mara Municipal de Mallet foi palco de uma importante reuni\u00e3o entre acad\u00eamicos da cidade e representantes pol\u00edticos para discutir o complemento do subs\u00eddio ao transporte para universidades localizadas em Uni\u00e3o da Vit\u00f3ria, Porto Uni\u00e3o e Irati.<\/p>\n\n\n\n<p>O encontro ocorreu no Pal\u00e1cio 21 de Setembro e contou com a presen\u00e7a do deputado estadual e l\u00edder do governo Ratinho Jr., Hussein Bakri (PSD), a convite do vereador Jossoel Nicolaico, o L\u00e9o (PSD).<br>A reuni\u00e3o teve in\u00edcio com o vereador L\u00e9o informando que a administra\u00e7\u00e3o da Casa de Leis negou o pedido de transmiss\u00e3o do evento pela TV C\u00e2mara. Diante da negativa, a transmiss\u00e3o foi realizada pela TV Studio W.<\/p>\n\n\n\n<p><strong>Segundo informa\u00e7\u00f5es obtidas pela reportagem, o presidente da C\u00e2mara, vereador Natal Cararo (PSD), vetou o uso das redes sociais oficiais do \u00f3rg\u00e3o para divulgar a reuni\u00e3o.<\/strong><\/p>\n\n\n\n<figure class=\"wp-block-image size-full\"><img loading=\"lazy\" decoding=\"async\" width=\"960\" height=\"540\" src=\"https:\/\/radiostudiow.com.br\/site\/wp-content\/uploads\/2025\/02\/Image3.jpg\" alt=\"\" class=\"wp-image-33872\" srcset=\"https:\/\/radiostudiow.com.br\/site\/wp-content\/uploads\/2025\/02\/Image3.jpg 960w, https:\/\/radiostudiow.com.br\/site\/wp-content\/uploads\/2025\/02\/Image3-300x169.jpg 300w, https:\/\/radiostudiow.com.br\/site\/wp-content\/uploads\/2025\/02\/Image3-768x432.jpg 768w\" sizes=\"auto, (max-width: 960px) 100vw, 960px\" \/><\/figure>\n\n\n\n<blockquote class=\"wp-block-quote is-layout-flow wp-block-quote-is-layout-flow\">\n<p class=\"has-text-align-center\">Reivindica\u00e7\u00f5es dos acad\u00eamicos<\/p>\n<\/blockquote>\n\n\n\n<p>Durante o encontro, a presidente da Associa\u00e7\u00e3o de Acad\u00eamicos de Mallet, Giovana Krauzuk, exp\u00f4s as dificuldades enfrentadas pelos estudantes em rela\u00e7\u00e3o ao custeio do transporte. Inicialmente, havia a expectativa de um aumento no valor de repasse, mas a administra\u00e7\u00e3o municipal informou que n\u00e3o poderia cumprir a promessa neste ano de subsidiar 100% do transporte e que o repasse seria de R$ 900 mil anuais.<\/p>\n\n\n\n<p>Com o aumento dos custos operacionais, cada acad\u00eamico precisar\u00e1 complementar mensalmente cerca de R$ 270, valor superior aos R$ 190 pagos no final do ano anterior. Esse acr\u00e9scimo se deve ao crescimento da demanda e amplia\u00e7\u00e3o das linhas de transporte. Atualmente, o total necess\u00e1rio para cobrir integralmente o transporte \u00e9 de R$ 1,4 milh\u00e3o, restando um d\u00e9ficit de aproximadamente R$ 500 mil.<\/p>\n\n\n\n<figure class=\"wp-block-image size-full\"><img loading=\"lazy\" decoding=\"async\" width=\"897\" height=\"204\" src=\"https:\/\/radiostudiow.com.br\/site\/wp-content\/uploads\/2025\/01\/SITE-GRANDE6.png\" alt=\"\" class=\"wp-image-32870\" srcset=\"https:\/\/radiostudiow.com.br\/site\/wp-content\/uploads\/2025\/01\/SITE-GRANDE6.png 897w, https:\/\/radiostudiow.com.br\/site\/wp-content\/uploads\/2025\/01\/SITE-GRANDE6-300x68.png 300w, https:\/\/radiostudiow.com.br\/site\/wp-content\/uploads\/2025\/01\/SITE-GRANDE6-768x175.png 768w\" sizes=\"auto, (max-width: 897px) 100vw, 897px\" \/><\/figure>\n\n\n\n<p>O vereador S\u00e9rgio Kojatek (PSD), explanou a grande conquista dos estudantes. <strong><em>\u201cA presen\u00e7a dos universit\u00e1rios bem como de muitos de seus familiares mostra o quanto a uni\u00e3o faz a for\u00e7a e se conquista muitas coisas e ainda os meus parab\u00e9ns vereador L\u00e9o por n\u00e3o descansar e buscar ajuda para os nossos acad\u00eamicos\u201d, frisou Kojatek.<\/em><\/strong><\/p>\n\n\n\n<blockquote class=\"wp-block-quote has-text-align-center is-layout-flow wp-block-quote-is-layout-flow\">\n<p>Compromisso do deputado Hussein Bakri<\/p>\n<\/blockquote>\n\n\n\n<p>Em sua fala, o deputado Hussein Bakri destacou a import\u00e2ncia do apoio aos acad\u00eamicos, ressaltando as dificuldades enfrentadas por muitos estudantes que conciliam trabalho e estudo. O parlamentar refor\u00e7ou que, embora n\u00e3o haja previs\u00e3o legal para repasses diretos \u00e0 associa\u00e7\u00e3o de acad\u00eamicos, \u00e9 poss\u00edvel que a prefeitura receba recursos destinados a obras ou benfeitorias e, em contrapartida, destine valores ao subs\u00eddio do transporte. <em><strong>\u201cInfelizmente o estado n\u00e3o consegue passar o dinheiro direto para a associa\u00e7\u00e3o de acad\u00eamicos, n\u00e3o existe uma lei para que possa ser realizado, por\u00e9m posso enviar uma emenda para a Prefeitura Municipal de Mallet e em contrapartida cubra o valor restante que falta para o subs\u00eddio do transporte aos acad\u00eamicos\u201d, Destacou Hussein em sua fala.<\/strong><\/em><\/p>\n\n\n\n<figure class=\"wp-block-image size-full\"><img loading=\"lazy\" decoding=\"async\" width=\"960\" height=\"540\" src=\"https:\/\/radiostudiow.com.br\/site\/wp-content\/uploads\/2025\/02\/Image1.jpg\" alt=\"\" class=\"wp-image-33873\" srcset=\"https:\/\/radiostudiow.com.br\/site\/wp-content\/uploads\/2025\/02\/Image1.jpg 960w, https:\/\/radiostudiow.com.br\/site\/wp-content\/uploads\/2025\/02\/Image1-300x169.jpg 300w, https:\/\/radiostudiow.com.br\/site\/wp-content\/uploads\/2025\/02\/Image1-768x432.jpg 768w\" sizes=\"auto, (max-width: 960px) 100vw, 960px\" \/><\/figure>\n\n\n\n<p>O deputado lamentou a aus\u00eancia do prefeito Pedro Kowalczyk (Uni\u00e3o) na reuni\u00e3o e defendeu que quest\u00f5es pol\u00edticas n\u00e3o devem interferir no apoio aos estudantes.<\/p>\n\n\n\n<p>Enfim com muita expectativa de todos os presentes, o deputado anunciou o repasse de R$ 1 milh\u00e3o para complementar o subs\u00eddio do transporte universit\u00e1rio pelos pr\u00f3ximos dois anos.<br>Segundo ele, os recursos ser\u00e3o repassados \u00e0 prefeitura e podem ser utilizados para obras de infraestrutura, como pavimenta\u00e7\u00e3o ou compra de combust\u00edvel, garantindo o transporte gratuito para os acad\u00eamicos.<\/p>\n\n\n\n<figure class=\"wp-block-image size-full\"><img loading=\"lazy\" decoding=\"async\" width=\"897\" height=\"204\" src=\"https:\/\/radiostudiow.com.br\/site\/wp-content\/uploads\/2025\/02\/SITE-GRANDE7.png\" alt=\"\" class=\"wp-image-33861\" srcset=\"https:\/\/radiostudiow.com.br\/site\/wp-content\/uploads\/2025\/02\/SITE-GRANDE7.png 897w, https:\/\/radiostudiow.com.br\/site\/wp-content\/uploads\/2025\/02\/SITE-GRANDE7-300x68.png 300w, https:\/\/radiostudiow.com.br\/site\/wp-content\/uploads\/2025\/02\/SITE-GRANDE7-768x175.png 768w\" sizes=\"auto, (max-width: 897px) 100vw, 897px\" \/><\/figure>\n\n\n\n<blockquote class=\"wp-block-quote is-layout-flow wp-block-quote-is-layout-flow\">\n<p class=\"has-text-align-center\">Conquistas e novos investimentos<\/p>\n<\/blockquote>\n\n\n\n<p>O vereador L\u00e9o celebrou a conquista, afirmando que, desde o in\u00edcio do seu mandato, tem buscado solu\u00e7\u00f5es para garantir o transporte gratuito aos estudantes. Ele relatou que, ap\u00f3s a primeira reuni\u00e3o com o Executivo e a negativa do subs\u00eddio integral, procurou o deputado Hussein Bakri para buscar apoio. <strong><em>\u201cLogo depois da primeira reuni\u00e3o com os acad\u00eamicos com o Poder Executivo, sabendo da n\u00e3o possibilidade de pagar os 100 % do subsidio ao transporte para as faculdades, fui at\u00e9 Curitiba e em reuni\u00e3o com o Nosso L\u00edder do governo Ratinho Jr. Hussein Backri, explanei as dificuldades onde diversas fam\u00edlias esperavam esse transporte gratuito e me relataram que h\u00e1 mais do que um filho na faculdade e o custo seria bem alto. E de imediato o deputado confirmou a sua presen\u00e7a e garantiu que estaria presente e nos deu esse presente aos acad\u00eamicos de Mallet, o repasse de 1 milh\u00e3o de reais garantindo a complementa\u00e7\u00e3o desde e do pr\u00f3ximo ano e at\u00e9 quem sabe podendo ajudar ainda mais\u201d, destacou muito feliz o Vereador L\u00e9o sobre essa conquista.<\/em><\/strong><\/p>\n\n\n\n<figure class=\"wp-block-image size-large\"><img decoding=\"async\" src=\"https:\/\/radiostudiow.com.br\/site\/wp-content\/uploads\/2025\/02\/20250206_192747-1024x576.jpg\" alt=\"\" class=\"wp-image-33871\"\/><\/figure>\n\n\n\n<p>Ao termino da reuni\u00e3o, o deputado Hussein Bakri recebeu integrantes da Escola Especial Raio de Luz a nossa APAE de Mallet e anunciou um repasse de R$ 500 mil destinado \u00e0 aquisi\u00e7\u00e3o de uma van adaptada para o transporte de alunos.<\/p>\n\n\n\n<p>No final para os acad\u00eamicos de Mallet a iniciativa foi vista como uma grande vit\u00f3ria, que agora aguardam os tr\u00e2mites legais para a efetiva\u00e7\u00e3o dos recursos e a concretiza\u00e7\u00e3o do subs\u00eddio ao transporte universit\u00e1rio.<\/p>\n\n\n\n<p><strong><em>E N\u00d3S ESTAREMOS DE OLHO!<\/em><\/strong><\/p>\n\n\n\n<figure class=\"wp-block-embed is-type-video is-provider-youtube wp-block-embed-youtube wp-embed-aspect-16-9 wp-has-aspect-ratio\"><div class=\"wp-block-embed__wrapper\">\n<iframe loading=\"lazy\" title=\"DEPUTADO HUSSEIN BACKRI SE RE\u00daNE COM ACAD\u00caMICOS DE MALLET\" width=\"740\" height=\"416\" src=\"https:\/\/www.youtube.com\/embed\/yINcq2uS0aM?feature=oembed\" frameborder=\"0\" allow=\"accelerometer; autoplay; clipboard-write; encrypted-media; gyroscope; picture-in-picture; web-share\" referrerpolicy=\"strict-origin-when-cross-origin\" allowfullscreen><\/iframe>\n<\/div><\/figure>\n","protected":false},"excerpt":{"rendered":"<p>Atrav\u00e9s do Vereador L\u00e9o do PSD, o anuncio do repasse de 1 milh\u00e3o de Reais vai garantir o complemento do valor do subs\u00eddio em 100% para o transporte gratuito as Faculdades de Uni\u00e3o da Vitoria, Porto Uni\u00e3o e Irati neste e para o pr\u00f3ximo ano. Nesta quinta-feira (06), a C\u00e2mara Municipal de Mallet foi palco [&hellip;]<\/p>\n","protected":false},"author":2,"featured_media":33894,"comment_status":"open","ping_status":"open","sticky":false,"template":"","format":"standard","meta":{"footnotes":""},"categories":[184],"tags":[172],"class_list":["post-33868","post","type-post","status-publish","format-standard","has-post-thumbnail","hentry","category-local","tag-featured"],"amp_enabled":true,"_links":{"self":[{"href":"https:\/\/radiostudiow.com.br\/site\/wp-json\/wp\/v2\/posts\/33868","targetHints":{"allow":["GET"]}}],"collection":[{"href":"https:\/\/radiostudiow.com.br\/site\/wp-json\/wp\/v2\/posts"}],"about":[{"href":"https:\/\/radiostudiow.com.br\/site\/wp-json\/wp\/v2\/types\/post"}],"author":[{"embeddable":true,"href":"https:\/\/radiostudiow.com.br\/site\/wp-json\/wp\/v2\/users\/2"}],"replies":[{"embeddable":true,"href":"https:\/\/radiostudiow.com.br\/site\/wp-json\/wp\/v2\/comments?post=33868"}],"version-history":[{"count":5,"href":"https:\/\/radiostudiow.com.br\/site\/wp-json\/wp\/v2\/posts\/33868\/revisions"}],"predecessor-version":[{"id":33904,"href":"https:\/\/radiostudiow.com.br\/site\/wp-json\/wp\/v2\/posts\/33868\/revisions\/33904"}],"wp:featuredmedia":[{"embeddable":true,"href":"https:\/\/radiostudiow.com.br\/site\/wp-json\/wp\/v2\/media\/33894"}],"wp:attachment":[{"href":"https:\/\/radiostudiow.com.br\/site\/wp-json\/wp\/v2\/media?parent=33868"}],"wp:term":[{"taxonomy":"category","embeddable":true,"href":"https:\/\/radiostudiow.com.br\/site\/wp-json\/wp\/v2\/categories?post=33868"},{"taxonomy":"post_tag","embeddable":true,"href":"https:\/\/radiostudiow.com.br\/site\/wp-json\/wp\/v2\/tags?post=33868"}],"curies":[{"name":"wp","href":"https:\/\/api.w.org\/{rel}","templated":true}]}}