{"id":33895,"date":"2025-02-08T12:16:09","date_gmt":"2025-02-08T15:16:09","guid":{"rendered":"https:\/\/radiostudiow.com.br\/site\/?p=33895"},"modified":"2025-02-08T12:16:09","modified_gmt":"2025-02-08T15:16:09","slug":"menor-de-12-anos-agride-mae-e-e-apreendido-pela-pm-no-centro-de-uniao-da-vitoria","status":"publish","type":"post","link":"https:\/\/radiostudiow.com.br\/site\/2025\/02\/08\/menor-de-12-anos-agride-mae-e-e-apreendido-pela-pm-no-centro-de-uniao-da-vitoria\/","title":{"rendered":"Menor de 12 anos agride m\u00e3e e \u00e9 apreendido pela PM no centro de Uni\u00e3o da Vit\u00f3ria"},"content":{"rendered":"\n<p>Na noite desta sexta-feira (7), por volta das 22h30, a Pol\u00edcia Militar foi acionada para atender uma ocorr\u00eancia de viol\u00eancia dom\u00e9stica no Centro. Um menino de 12 anos agrediu fisicamente sua m\u00e3e e a amea\u00e7ou com uma faca dentro da resid\u00eancia.<\/p>\n\n\n\n<p>De acordo com o relato da v\u00edtima, o menor tamb\u00e9m teria tentado ferir o gato da fam\u00edlia. A m\u00e3e informou ainda que as agress\u00f5es s\u00e3o recorrentes e que teme pela pr\u00f3pria seguran\u00e7a, uma vez que o filho j\u00e1 teria feito amea\u00e7as de morte.<\/p>\n\n\n\n<figure class=\"wp-block-image size-full\"><img loading=\"lazy\" decoding=\"async\" width=\"897\" height=\"204\" src=\"https:\/\/radiostudiow.com.br\/site\/wp-content\/uploads\/2025\/01\/SITE-GRANDE.png\" alt=\"\" class=\"wp-image-32809\" srcset=\"https:\/\/radiostudiow.com.br\/site\/wp-content\/uploads\/2025\/01\/SITE-GRANDE.png 897w, https:\/\/radiostudiow.com.br\/site\/wp-content\/uploads\/2025\/01\/SITE-GRANDE-300x68.png 300w, https:\/\/radiostudiow.com.br\/site\/wp-content\/uploads\/2025\/01\/SITE-GRANDE-768x175.png 768w\" sizes=\"auto, (max-width: 897px) 100vw, 897px\" \/><\/figure>\n\n\n\n<p>O Conselho Tutelar foi acionado e acompanhou a situa\u00e7\u00e3o.&nbsp;<strong>Ap\u00f3s receberem atendimento m\u00e9dico, tanto a v\u00edtima quanto o menor foram encaminhados \u00e0 delegacia para as devidas provid\u00eancias.<\/strong>&nbsp;O menino foi transportado at\u00e9 a sede da Pol\u00edcia Civil no ve\u00edculo do Conselho Tutelar.<\/p>\n\n\n\n<p>As autoridades seguem investigando o caso.<\/p>\n\n\n\n<p><strong>Dados<\/strong><\/p>\n\n\n\n<p>Segundo uma mat\u00e9ria publicada no&nbsp;<a href=\"https:\/\/www.bbc.com\/portuguese\/noticias\/2015\/03\/150312_filhos_pais_agressao_fn\" rel=\"noreferrer noopener\" target=\"_blank\">site da BBC<\/a>, m<strong>uitas fam\u00edlias convivem com um problema grave de viol\u00eancia, mas poucas t\u00eam a coragem de denunci\u00e1-lo \u00e0s autoridades ou procurar ajuda: a agress\u00e3o de filhos contra seus pr\u00f3prios pais.<\/strong><\/p>\n\n\n\n<p>A vergonha e o sentimento de culpa evitam que eles falem a respeito do assunto. Psic\u00f3logos e soci\u00f3logos analisam o fen\u00f4meno, que n\u00e3o \u00e9 novo, mas aumentou nas \u00faltimas d\u00e9cadas.<\/p>\n\n\n\n<figure class=\"wp-block-image size-full\"><img loading=\"lazy\" decoding=\"async\" width=\"897\" height=\"204\" src=\"https:\/\/radiostudiow.com.br\/site\/wp-content\/uploads\/2025\/02\/SITE-GRANDE7.png\" alt=\"\" class=\"wp-image-33861\" srcset=\"https:\/\/radiostudiow.com.br\/site\/wp-content\/uploads\/2025\/02\/SITE-GRANDE7.png 897w, https:\/\/radiostudiow.com.br\/site\/wp-content\/uploads\/2025\/02\/SITE-GRANDE7-300x68.png 300w, https:\/\/radiostudiow.com.br\/site\/wp-content\/uploads\/2025\/02\/SITE-GRANDE7-768x175.png 768w\" sizes=\"auto, (max-width: 897px) 100vw, 897px\" \/><\/figure>\n\n\n\n<p>\u00c9 uma forma de viol\u00eancia dentro das fam\u00edlias na qual os filhos abusam verbal, emocional, econ\u00f4mica e fisicamente dos pais ou tutores para assumir o controle.<\/p>\n\n\n\n<p>No Brasil, os n\u00fameros da viol\u00eancia de filhos contra pais tamb\u00e9m s\u00e3o relevantes, de acordo com dados compilados pelo Sistema de Informa\u00e7\u00e3o de Agravos de Notifica\u00e7\u00e3o (Sinan), do Minist\u00e9rio da Sa\u00fade, feito a partir dos registros catalogados por profissionais em postos de sa\u00fade da rede p\u00fablica.<\/p>\n\n\n\n<p>Diante de uma suspeita de caso de viol\u00eancia dom\u00e9stica, sexual e\/ou outras viol\u00eancias envolvendo crian\u00e7as, adolescentes, mulheres e idosos, o agente de sa\u00fade \u00e9 obrigado a registrar oficialmente.<\/p>\n\n\n\n<p>Muitos pais acreditam que seja uma fase passageira, e que seus filhos os agridem porque \u00e9 apenas um aspecto da personalidade dos jovens.<\/p>\n\n\n\n<figure class=\"wp-block-image size-full\"><img decoding=\"async\" src=\"https:\/\/radiostudiow.com.br\/site\/wp-content\/uploads\/2025\/02\/SITE-E-TV.png\" alt=\"\" class=\"wp-image-33896\"\/><\/figure>\n\n\n\n<p>Mas especialistas afirmam que, em muitos casos, a viol\u00eancia \u00e9 indicador de uma necessidade de limites ou de uma separa\u00e7\u00e3o indispens\u00e1vel para que o filho possa se desenvolver como indiv\u00edduo. Por isto este comportamento ocorre mais na adolesc\u00eancia.<\/p>\n\n\n\n<p>Muitas vezes, a necessidade de interven\u00e7\u00e3o deve se materializar na forma de uma den\u00fancia para as autoridades. Uma medida \u2013 segundo os terapeutas \u2013 que protege os pais e pode ajudar para que estes filhos possam se relacionar sem viol\u00eancia.<\/p>\n\n\n\n<p><strong><em>Com informa\u00e7\u00f5es VVale<\/em><\/strong><\/p>\n","protected":false},"excerpt":{"rendered":"<p>Na noite desta sexta-feira (7), por volta das 22h30, a Pol\u00edcia Militar foi acionada para atender uma ocorr\u00eancia de viol\u00eancia dom\u00e9stica no Centro. Um menino de 12 anos agrediu fisicamente sua m\u00e3e e a amea\u00e7ou com uma faca dentro da resid\u00eancia. De acordo com o relato da v\u00edtima, o menor tamb\u00e9m teria tentado ferir o [&hellip;]<\/p>\n","protected":false},"author":2,"featured_media":33000,"comment_status":"open","ping_status":"open","sticky":false,"template":"","format":"standard","meta":{"footnotes":""},"categories":[2],"tags":[172],"class_list":["post-33895","post","type-post","status-publish","format-standard","has-post-thumbnail","hentry","category-policial","tag-featured"],"amp_enabled":true,"_links":{"self":[{"href":"https:\/\/radiostudiow.com.br\/site\/wp-json\/wp\/v2\/posts\/33895","targetHints":{"allow":["GET"]}}],"collection":[{"href":"https:\/\/radiostudiow.com.br\/site\/wp-json\/wp\/v2\/posts"}],"about":[{"href":"https:\/\/radiostudiow.com.br\/site\/wp-json\/wp\/v2\/types\/post"}],"author":[{"embeddable":true,"href":"https:\/\/radiostudiow.com.br\/site\/wp-json\/wp\/v2\/users\/2"}],"replies":[{"embeddable":true,"href":"https:\/\/radiostudiow.com.br\/site\/wp-json\/wp\/v2\/comments?post=33895"}],"version-history":[{"count":1,"href":"https:\/\/radiostudiow.com.br\/site\/wp-json\/wp\/v2\/posts\/33895\/revisions"}],"predecessor-version":[{"id":33897,"href":"https:\/\/radiostudiow.com.br\/site\/wp-json\/wp\/v2\/posts\/33895\/revisions\/33897"}],"wp:featuredmedia":[{"embeddable":true,"href":"https:\/\/radiostudiow.com.br\/site\/wp-json\/wp\/v2\/media\/33000"}],"wp:attachment":[{"href":"https:\/\/radiostudiow.com.br\/site\/wp-json\/wp\/v2\/media?parent=33895"}],"wp:term":[{"taxonomy":"category","embeddable":true,"href":"https:\/\/radiostudiow.com.br\/site\/wp-json\/wp\/v2\/categories?post=33895"},{"taxonomy":"post_tag","embeddable":true,"href":"https:\/\/radiostudiow.com.br\/site\/wp-json\/wp\/v2\/tags?post=33895"}],"curies":[{"name":"wp","href":"https:\/\/api.w.org\/{rel}","templated":true}]}}