{"id":33905,"date":"2025-02-08T14:29:53","date_gmt":"2025-02-08T17:29:53","guid":{"rendered":"https:\/\/radiostudiow.com.br\/site\/?p=33905"},"modified":"2025-02-08T14:29:54","modified_gmt":"2025-02-08T17:29:54","slug":"jovem-malletense-fica-ferido-em-colisao-entre-carro-e-moto-na-br-153-em-mallet","status":"publish","type":"post","link":"https:\/\/radiostudiow.com.br\/site\/2025\/02\/08\/jovem-malletense-fica-ferido-em-colisao-entre-carro-e-moto-na-br-153-em-mallet\/","title":{"rendered":"Jovem malletense fica ferido em colis\u00e3o entre carro e moto na BR-153, em Mallet"},"content":{"rendered":"\n<figure class=\"wp-block-image size-full\"><img loading=\"lazy\" decoding=\"async\" width=\"897\" height=\"204\" src=\"https:\/\/radiostudiow.com.br\/site\/wp-content\/uploads\/2024\/01\/SITE-GRANDE3.png\" alt=\"zaions\" class=\"wp-image-18936\" srcset=\"https:\/\/radiostudiow.com.br\/site\/wp-content\/uploads\/2024\/01\/SITE-GRANDE3.png 897w, https:\/\/radiostudiow.com.br\/site\/wp-content\/uploads\/2024\/01\/SITE-GRANDE3-300x68.png 300w, https:\/\/radiostudiow.com.br\/site\/wp-content\/uploads\/2024\/01\/SITE-GRANDE3-768x175.png 768w\" sizes=\"auto, (max-width: 897px) 100vw, 897px\" \/><\/figure>\n\n\n\n<p><\/p>\n\n\n\n<p><\/p>\n\n\n\n<p>Os Brigadistas Comunit\u00e1rios de Mallet foram acionados para atender um acidente na manh\u00e3 deste s\u00e1bado (08), por volta das 9h, na BR-153, no quil\u00f4metro 388, no trevo que d\u00e1 acesso ao bairro Eldorado, em Mallet.<\/p>\n\n\n\n<p>De acordo com informa\u00e7\u00f5es, um jovem de 19 anos ficou ferido ap\u00f3s a colis\u00e3o envolvendo um autom\u00f3vel FIAT P\u00e1lio de cor branca e uma motocicleta Honda XRE 300, ambos os ve\u00edculos do munic\u00edpio de Mallet.<\/p>\n\n\n\n<p>Segundo testemunhas contaram \u00e0 reportagem da Studio W, a motocicleta seguia pela rodovia sentido Rio Azul quando o carro cruzou a BR e n\u00e3o viu a motocicleta, ocasionando o acidente.<\/p>\n\n\n\n<p>Informa\u00e7\u00f5es preliminares dos Brigadistas Comunit\u00e1rios de Mallet indicam que o condutor da moto sofreu escoria\u00e7\u00f5es devido ao impacto da colis\u00e3o.<\/p>\n\n\n\n<p>Ele recebeu atendimento no local e foi encaminhado ao Hospital S\u00e3o Pedro pela ambul\u00e2ncia da Secretaria de Sa\u00fade para avalia\u00e7\u00e3o m\u00e9dica.<\/p>\n\n\n\n<p>A Pol\u00edcia Militar do Pelot\u00e3o Cabo Abra\u00e3o Kanclarovicz esteve presente no local, orientando e auxiliando no tr\u00e2nsito.<\/p>\n\n\n\n<p><\/p>\n\n\n\n<figure class=\"wp-block-image size-large\"><img loading=\"lazy\" decoding=\"async\" width=\"768\" height=\"1024\" src=\"https:\/\/radiostudiow.com.br\/site\/wp-content\/uploads\/2025\/02\/image-28-768x1024.png\" alt=\"\" class=\"wp-image-33906\" srcset=\"https:\/\/radiostudiow.com.br\/site\/wp-content\/uploads\/2025\/02\/image-28-768x1024.png 768w, https:\/\/radiostudiow.com.br\/site\/wp-content\/uploads\/2025\/02\/image-28-225x300.png 225w, https:\/\/radiostudiow.com.br\/site\/wp-content\/uploads\/2025\/02\/image-28-1152x1536.png 1152w, https:\/\/radiostudiow.com.br\/site\/wp-content\/uploads\/2025\/02\/image-28.png 1200w\" sizes=\"auto, (max-width: 768px) 100vw, 768px\" \/><\/figure>\n\n\n\n<figure class=\"wp-block-image size-large\"><img loading=\"lazy\" decoding=\"async\" width=\"768\" height=\"1024\" src=\"https:\/\/radiostudiow.com.br\/site\/wp-content\/uploads\/2025\/02\/image-29-768x1024.png\" alt=\"\" class=\"wp-image-33907\" srcset=\"https:\/\/radiostudiow.com.br\/site\/wp-content\/uploads\/2025\/02\/image-29-768x1024.png 768w, https:\/\/radiostudiow.com.br\/site\/wp-content\/uploads\/2025\/02\/image-29-225x300.png 225w, https:\/\/radiostudiow.com.br\/site\/wp-content\/uploads\/2025\/02\/image-29-1152x1536.png 1152w, https:\/\/radiostudiow.com.br\/site\/wp-content\/uploads\/2025\/02\/image-29.png 1200w\" sizes=\"auto, (max-width: 768px) 100vw, 768px\" \/><\/figure>\n\n\n\n<figure class=\"wp-block-image size-large\"><img loading=\"lazy\" decoding=\"async\" width=\"768\" height=\"1024\" src=\"https:\/\/radiostudiow.com.br\/site\/wp-content\/uploads\/2025\/02\/image-30-768x1024.png\" alt=\"\" class=\"wp-image-33908\" srcset=\"https:\/\/radiostudiow.com.br\/site\/wp-content\/uploads\/2025\/02\/image-30-768x1024.png 768w, https:\/\/radiostudiow.com.br\/site\/wp-content\/uploads\/2025\/02\/image-30-225x300.png 225w, https:\/\/radiostudiow.com.br\/site\/wp-content\/uploads\/2025\/02\/image-30-1152x1536.png 1152w, https:\/\/radiostudiow.com.br\/site\/wp-content\/uploads\/2025\/02\/image-30.png 1200w\" sizes=\"auto, (max-width: 768px) 100vw, 768px\" \/><\/figure>\n\n\n\n<figure class=\"wp-block-image size-large\"><img loading=\"lazy\" decoding=\"async\" width=\"1024\" height=\"902\" src=\"https:\/\/radiostudiow.com.br\/site\/wp-content\/uploads\/2025\/02\/image-31-1024x902.png\" alt=\"\" class=\"wp-image-33909\" srcset=\"https:\/\/radiostudiow.com.br\/site\/wp-content\/uploads\/2025\/02\/image-31-1024x902.png 1024w, https:\/\/radiostudiow.com.br\/site\/wp-content\/uploads\/2025\/02\/image-31-300x264.png 300w, https:\/\/radiostudiow.com.br\/site\/wp-content\/uploads\/2025\/02\/image-31-768x676.png 768w, https:\/\/radiostudiow.com.br\/site\/wp-content\/uploads\/2025\/02\/image-31.png 1200w\" sizes=\"auto, (max-width: 1024px) 100vw, 1024px\" \/><\/figure>\n\n\n\n<p><\/p>\n\n\n\n<p><strong>Informa\u00e7\u00f5es:<\/strong> Brigadistas Comunit\u00e1rios de Mallet<br><strong>Fotos:<\/strong> Z.J.<\/p>\n\n\n\n<p><\/p>\n\n\n\n<figure class=\"wp-block-image size-full\"><img loading=\"lazy\" decoding=\"async\" width=\"900\" height=\"205\" src=\"https:\/\/radiostudiow.com.br\/site\/wp-content\/uploads\/2024\/03\/bannertijolao-e1733625657395.jpg\" alt=\"\" class=\"wp-image-20494\" srcset=\"https:\/\/radiostudiow.com.br\/site\/wp-content\/uploads\/2024\/03\/bannertijolao-e1733625657395.jpg 900w, https:\/\/radiostudiow.com.br\/site\/wp-content\/uploads\/2024\/03\/bannertijolao-e1733625657395-300x68.jpg 300w, https:\/\/radiostudiow.com.br\/site\/wp-content\/uploads\/2024\/03\/bannertijolao-e1733625657395-768x175.jpg 768w\" sizes=\"auto, (max-width: 900px) 100vw, 900px\" \/><\/figure>\n\n\n\n<figure class=\"wp-block-image size-full\"><img loading=\"lazy\" decoding=\"async\" width=\"897\" height=\"204\" src=\"https:\/\/radiostudiow.com.br\/site\/wp-content\/uploads\/2025\/02\/SITE-GRANDE7.png\" alt=\"\" class=\"wp-image-33861\" srcset=\"https:\/\/radiostudiow.com.br\/site\/wp-content\/uploads\/2025\/02\/SITE-GRANDE7.png 897w, https:\/\/radiostudiow.com.br\/site\/wp-content\/uploads\/2025\/02\/SITE-GRANDE7-300x68.png 300w, https:\/\/radiostudiow.com.br\/site\/wp-content\/uploads\/2025\/02\/SITE-GRANDE7-768x175.png 768w\" sizes=\"auto, (max-width: 897px) 100vw, 897px\" \/><\/figure>\n\n\n\n<p><\/p>\n","protected":false},"excerpt":{"rendered":"<p>Os Brigadistas Comunit\u00e1rios de Mallet foram acionados para atender um acidente na manh\u00e3 deste s\u00e1bado (08), por volta das 9h, na BR-153, no quil\u00f4metro 388, no trevo que d\u00e1 acesso ao bairro Eldorado, em Mallet. De acordo com informa\u00e7\u00f5es, um jovem de 19 anos ficou ferido ap\u00f3s a colis\u00e3o envolvendo um autom\u00f3vel FIAT P\u00e1lio de [&hellip;]<\/p>\n","protected":false},"author":2,"featured_media":33910,"comment_status":"open","ping_status":"open","sticky":false,"template":"","format":"standard","meta":{"footnotes":""},"categories":[184],"tags":[172],"class_list":["post-33905","post","type-post","status-publish","format-standard","has-post-thumbnail","hentry","category-local","tag-featured"],"amp_enabled":true,"_links":{"self":[{"href":"https:\/\/radiostudiow.com.br\/site\/wp-json\/wp\/v2\/posts\/33905","targetHints":{"allow":["GET"]}}],"collection":[{"href":"https:\/\/radiostudiow.com.br\/site\/wp-json\/wp\/v2\/posts"}],"about":[{"href":"https:\/\/radiostudiow.com.br\/site\/wp-json\/wp\/v2\/types\/post"}],"author":[{"embeddable":true,"href":"https:\/\/radiostudiow.com.br\/site\/wp-json\/wp\/v2\/users\/2"}],"replies":[{"embeddable":true,"href":"https:\/\/radiostudiow.com.br\/site\/wp-json\/wp\/v2\/comments?post=33905"}],"version-history":[{"count":1,"href":"https:\/\/radiostudiow.com.br\/site\/wp-json\/wp\/v2\/posts\/33905\/revisions"}],"predecessor-version":[{"id":33911,"href":"https:\/\/radiostudiow.com.br\/site\/wp-json\/wp\/v2\/posts\/33905\/revisions\/33911"}],"wp:featuredmedia":[{"embeddable":true,"href":"https:\/\/radiostudiow.com.br\/site\/wp-json\/wp\/v2\/media\/33910"}],"wp:attachment":[{"href":"https:\/\/radiostudiow.com.br\/site\/wp-json\/wp\/v2\/media?parent=33905"}],"wp:term":[{"taxonomy":"category","embeddable":true,"href":"https:\/\/radiostudiow.com.br\/site\/wp-json\/wp\/v2\/categories?post=33905"},{"taxonomy":"post_tag","embeddable":true,"href":"https:\/\/radiostudiow.com.br\/site\/wp-json\/wp\/v2\/tags?post=33905"}],"curies":[{"name":"wp","href":"https:\/\/api.w.org\/{rel}","templated":true}]}}