{"id":33912,"date":"2025-02-09T23:28:25","date_gmt":"2025-02-10T02:28:25","guid":{"rendered":"https:\/\/radiostudiow.com.br\/site\/?p=33912"},"modified":"2025-02-09T23:42:37","modified_gmt":"2025-02-10T02:42:37","slug":"brigadistas-comunitarios-de-mallet-sao-acionados-para-socorrer-vitimas-de-capotamento-no-interior-de-cruz-machado","status":"publish","type":"post","link":"https:\/\/radiostudiow.com.br\/site\/2025\/02\/09\/brigadistas-comunitarios-de-mallet-sao-acionados-para-socorrer-vitimas-de-capotamento-no-interior-de-cruz-machado\/","title":{"rendered":"Brigadistas Comunit\u00e1rios de Mallet s\u00e3o acionados para socorrer v\u00edtimas de Capotamento no interior de Cruz Machado."},"content":{"rendered":"\n<figure class=\"wp-block-image size-full\"><img loading=\"lazy\" decoding=\"async\" width=\"897\" height=\"204\" src=\"https:\/\/radiostudiow.com.br\/site\/wp-content\/uploads\/2024\/08\/TIJOLAO.png\" alt=\"\" class=\"wp-image-25951\" srcset=\"https:\/\/radiostudiow.com.br\/site\/wp-content\/uploads\/2024\/08\/TIJOLAO.png 897w, https:\/\/radiostudiow.com.br\/site\/wp-content\/uploads\/2024\/08\/TIJOLAO-300x68.png 300w, https:\/\/radiostudiow.com.br\/site\/wp-content\/uploads\/2024\/08\/TIJOLAO-768x175.png 768w\" sizes=\"auto, (max-width: 897px) 100vw, 897px\" \/><\/figure>\n\n\n\n<p><\/p>\n\n\n\n<p style=\"font-size:21px\">A reportagem da Studio W recebeu informa\u00e7\u00f5es de que, na tarde deste domingo (9), um capotamento foi registrado na localidade do Fuck Tagu\u00e1, no interior de Cruz Machado, Paran\u00e1.<\/p>\n\n\n\n<p style=\"font-size:21px\">Equipes de socorro foram acionadas para atender \u00e0 ocorr\u00eancia.<\/p>\n\n\n\n<p style=\"font-size:21px\">Os brigadistas de Mallet e a ambul\u00e2ncia de plant\u00e3o deslocaram at\u00e9 o local, por\u00e9m no entanto, ao chegarem, constataram que equipes do SAMU de Cruz Machado e de Uni\u00e3o da Vit\u00f3ria j\u00e1 haviam prestado os primeiros socorros \u00e0s v\u00edtimas.<\/p>\n\n\n\n<p style=\"font-size:21px\">Entre os envolvidos no acidente, um homem de 25 anos foi encaminhado ao Hospital Regional de Uni\u00e3o da Vit\u00f3ria com suspeita de fraturas nos membros.<\/p>\n\n\n\n<p style=\"font-size:21px\">Outra v\u00edtima tamb\u00e9m recebeu atendimento, mas n\u00e3o h\u00e1 informa\u00e7\u00f5es detalhadas sobre seu estado de sa\u00fade.<\/p>\n\n\n\n<p style=\"font-size:21px\">As causas do acidente n\u00e3o foram divulgadas.<\/p>\n\n\n\n<p><\/p>\n\n\n\n<figure class=\"wp-block-image size-full\"><img loading=\"lazy\" decoding=\"async\" width=\"897\" height=\"204\" src=\"https:\/\/radiostudiow.com.br\/site\/wp-content\/uploads\/2025\/02\/SITE-GRANDE7.png\" alt=\"\" class=\"wp-image-33861\" srcset=\"https:\/\/radiostudiow.com.br\/site\/wp-content\/uploads\/2025\/02\/SITE-GRANDE7.png 897w, https:\/\/radiostudiow.com.br\/site\/wp-content\/uploads\/2025\/02\/SITE-GRANDE7-300x68.png 300w, https:\/\/radiostudiow.com.br\/site\/wp-content\/uploads\/2025\/02\/SITE-GRANDE7-768x175.png 768w\" sizes=\"auto, (max-width: 897px) 100vw, 897px\" \/><\/figure>\n\n\n\n<p><\/p>\n\n\n\n<figure class=\"wp-block-image size-large\"><img loading=\"lazy\" decoding=\"async\" width=\"768\" height=\"1024\" src=\"https:\/\/radiostudiow.com.br\/site\/wp-content\/uploads\/2025\/02\/image-33-768x1024.png\" alt=\"\" class=\"wp-image-33913\" srcset=\"https:\/\/radiostudiow.com.br\/site\/wp-content\/uploads\/2025\/02\/image-33-768x1024.png 768w, https:\/\/radiostudiow.com.br\/site\/wp-content\/uploads\/2025\/02\/image-33-225x300.png 225w, https:\/\/radiostudiow.com.br\/site\/wp-content\/uploads\/2025\/02\/image-33-1152x1536.png 1152w, https:\/\/radiostudiow.com.br\/site\/wp-content\/uploads\/2025\/02\/image-33.png 1200w\" sizes=\"auto, (max-width: 768px) 100vw, 768px\" \/><\/figure>\n\n\n\n<figure class=\"wp-block-image size-large\"><img loading=\"lazy\" decoding=\"async\" width=\"768\" height=\"1024\" src=\"https:\/\/radiostudiow.com.br\/site\/wp-content\/uploads\/2025\/02\/image-34-768x1024.png\" alt=\"\" class=\"wp-image-33914\" srcset=\"https:\/\/radiostudiow.com.br\/site\/wp-content\/uploads\/2025\/02\/image-34-768x1024.png 768w, https:\/\/radiostudiow.com.br\/site\/wp-content\/uploads\/2025\/02\/image-34-225x300.png 225w, https:\/\/radiostudiow.com.br\/site\/wp-content\/uploads\/2025\/02\/image-34-1152x1536.png 1152w, https:\/\/radiostudiow.com.br\/site\/wp-content\/uploads\/2025\/02\/image-34.png 1200w\" sizes=\"auto, (max-width: 768px) 100vw, 768px\" \/><\/figure>\n\n\n\n<p><\/p>\n\n\n\n<p><em>Informa\u00e7\u00f5es: Assis o Rep\u00f3rter\/Brigadistas Comunit\u00e1rios.<\/em><\/p>\n\n\n\n<p><em>Foto: B.C.M<\/em><\/p>\n\n\n\n<p><\/p>\n\n\n\n<figure class=\"wp-block-image size-full\"><img loading=\"lazy\" decoding=\"async\" width=\"900\" height=\"205\" src=\"https:\/\/radiostudiow.com.br\/site\/wp-content\/uploads\/2024\/03\/bannertijolao-e1733625657395.jpg\" alt=\"\" class=\"wp-image-20494\" srcset=\"https:\/\/radiostudiow.com.br\/site\/wp-content\/uploads\/2024\/03\/bannertijolao-e1733625657395.jpg 900w, https:\/\/radiostudiow.com.br\/site\/wp-content\/uploads\/2024\/03\/bannertijolao-e1733625657395-300x68.jpg 300w, https:\/\/radiostudiow.com.br\/site\/wp-content\/uploads\/2024\/03\/bannertijolao-e1733625657395-768x175.jpg 768w\" sizes=\"auto, (max-width: 900px) 100vw, 900px\" \/><\/figure>\n\n\n\n<p><\/p>\n\n\n\n<p><\/p>\n","protected":false},"excerpt":{"rendered":"<p>A reportagem da Studio W recebeu informa\u00e7\u00f5es de que, na tarde deste domingo (9), um capotamento foi registrado na localidade do Fuck Tagu\u00e1, no interior de Cruz Machado, Paran\u00e1. Equipes de socorro foram acionadas para atender \u00e0 ocorr\u00eancia. Os brigadistas de Mallet e a ambul\u00e2ncia de plant\u00e3o deslocaram at\u00e9 o local, por\u00e9m no entanto, ao [&hellip;]<\/p>\n","protected":false},"author":2,"featured_media":33914,"comment_status":"open","ping_status":"open","sticky":false,"template":"","format":"standard","meta":{"footnotes":""},"categories":[184],"tags":[172],"class_list":["post-33912","post","type-post","status-publish","format-standard","has-post-thumbnail","hentry","category-local","tag-featured"],"amp_enabled":true,"_links":{"self":[{"href":"https:\/\/radiostudiow.com.br\/site\/wp-json\/wp\/v2\/posts\/33912","targetHints":{"allow":["GET"]}}],"collection":[{"href":"https:\/\/radiostudiow.com.br\/site\/wp-json\/wp\/v2\/posts"}],"about":[{"href":"https:\/\/radiostudiow.com.br\/site\/wp-json\/wp\/v2\/types\/post"}],"author":[{"embeddable":true,"href":"https:\/\/radiostudiow.com.br\/site\/wp-json\/wp\/v2\/users\/2"}],"replies":[{"embeddable":true,"href":"https:\/\/radiostudiow.com.br\/site\/wp-json\/wp\/v2\/comments?post=33912"}],"version-history":[{"count":3,"href":"https:\/\/radiostudiow.com.br\/site\/wp-json\/wp\/v2\/posts\/33912\/revisions"}],"predecessor-version":[{"id":33917,"href":"https:\/\/radiostudiow.com.br\/site\/wp-json\/wp\/v2\/posts\/33912\/revisions\/33917"}],"wp:featuredmedia":[{"embeddable":true,"href":"https:\/\/radiostudiow.com.br\/site\/wp-json\/wp\/v2\/media\/33914"}],"wp:attachment":[{"href":"https:\/\/radiostudiow.com.br\/site\/wp-json\/wp\/v2\/media?parent=33912"}],"wp:term":[{"taxonomy":"category","embeddable":true,"href":"https:\/\/radiostudiow.com.br\/site\/wp-json\/wp\/v2\/categories?post=33912"},{"taxonomy":"post_tag","embeddable":true,"href":"https:\/\/radiostudiow.com.br\/site\/wp-json\/wp\/v2\/tags?post=33912"}],"curies":[{"name":"wp","href":"https:\/\/api.w.org\/{rel}","templated":true}]}}