{"id":33918,"date":"2025-02-10T09:53:20","date_gmt":"2025-02-10T12:53:20","guid":{"rendered":"https:\/\/radiostudiow.com.br\/site\/?p=33918"},"modified":"2025-02-10T09:53:20","modified_gmt":"2025-02-10T12:53:20","slug":"homem-com-diversos-mandados-de-prisao-e-detido-em-paulo-frontin","status":"publish","type":"post","link":"https:\/\/radiostudiow.com.br\/site\/2025\/02\/10\/homem-com-diversos-mandados-de-prisao-e-detido-em-paulo-frontin\/","title":{"rendered":"Homem com diversos mandados de pris\u00e3o \u00e9 detido em Paulo Frontin"},"content":{"rendered":"\n<p>A equipe da Pol\u00edcia Militar de Paulo Frontin realizava patrulhamento pela zona rural, quando foi informada sobre um grupo de homens supostamente consumindo drogas em uma resid\u00eancia.<\/p>\n\n\n\n<p>No local, o propriet\u00e1rio negou a den\u00fancia, alegando estar apenas consumindo bebida alco\u00f3lica.  O caso foi registrada por volta das 23h31min desse s\u00e1bado (08).<\/p>\n\n\n\n<figure class=\"wp-block-image size-full\"><img loading=\"lazy\" decoding=\"async\" width=\"897\" height=\"204\" src=\"https:\/\/radiostudiow.com.br\/site\/wp-content\/uploads\/2025\/02\/SITE-GRANDE7.png\" alt=\"\" class=\"wp-image-33861\" srcset=\"https:\/\/radiostudiow.com.br\/site\/wp-content\/uploads\/2025\/02\/SITE-GRANDE7.png 897w, https:\/\/radiostudiow.com.br\/site\/wp-content\/uploads\/2025\/02\/SITE-GRANDE7-300x68.png 300w, https:\/\/radiostudiow.com.br\/site\/wp-content\/uploads\/2025\/02\/SITE-GRANDE7-768x175.png 768w\" sizes=\"auto, (max-width: 897px) 100vw, 897px\" \/><\/figure>\n\n\n\n<p>Diante da situa\u00e7\u00e3o a equipe policial consultou o sistema, e foi constatado que suspeito possu\u00eda um mandado de pris\u00e3o Art.157 do C\u00f3digo Penal Brasileiro (CP) refere-se ao crime de roubo, Art. 147 do C\u00f3digo Penal brasileiro trata do crime de amea\u00e7a e Art.129 do C\u00f3digo Penal trata da les\u00e3o corporal, que \u00e9 a ofensa \u00e0 sa\u00fade ou integridade corporal de outrem.<\/p>\n\n\n\n<p>Diante da situa\u00e7\u00e3o, o homem foi conduzido at\u00e9 o DEPEN para os procedimentos cab\u00edveis.<\/p>\n\n\n\n<figure class=\"wp-block-image size-full\"><img decoding=\"async\" src=\"https:\/\/radiostudiow.com.br\/site\/wp-content\/uploads\/2025\/02\/SITE-E-TV.png\" alt=\"\" class=\"wp-image-33896\"\/><\/figure>\n","protected":false},"excerpt":{"rendered":"<p>A equipe da Pol\u00edcia Militar de Paulo Frontin realizava patrulhamento pela zona rural, quando foi informada sobre um grupo de homens supostamente consumindo drogas em uma resid\u00eancia. No local, o propriet\u00e1rio negou a den\u00fancia, alegando estar apenas consumindo bebida alco\u00f3lica. O caso foi registrada por volta das 23h31min desse s\u00e1bado (08). Diante da situa\u00e7\u00e3o a [&hellip;]<\/p>\n","protected":false},"author":2,"featured_media":33920,"comment_status":"open","ping_status":"open","sticky":false,"template":"","format":"standard","meta":{"footnotes":""},"categories":[2],"tags":[172],"class_list":["post-33918","post","type-post","status-publish","format-standard","has-post-thumbnail","hentry","category-policial","tag-featured"],"amp_enabled":true,"_links":{"self":[{"href":"https:\/\/radiostudiow.com.br\/site\/wp-json\/wp\/v2\/posts\/33918","targetHints":{"allow":["GET"]}}],"collection":[{"href":"https:\/\/radiostudiow.com.br\/site\/wp-json\/wp\/v2\/posts"}],"about":[{"href":"https:\/\/radiostudiow.com.br\/site\/wp-json\/wp\/v2\/types\/post"}],"author":[{"embeddable":true,"href":"https:\/\/radiostudiow.com.br\/site\/wp-json\/wp\/v2\/users\/2"}],"replies":[{"embeddable":true,"href":"https:\/\/radiostudiow.com.br\/site\/wp-json\/wp\/v2\/comments?post=33918"}],"version-history":[{"count":2,"href":"https:\/\/radiostudiow.com.br\/site\/wp-json\/wp\/v2\/posts\/33918\/revisions"}],"predecessor-version":[{"id":33921,"href":"https:\/\/radiostudiow.com.br\/site\/wp-json\/wp\/v2\/posts\/33918\/revisions\/33921"}],"wp:featuredmedia":[{"embeddable":true,"href":"https:\/\/radiostudiow.com.br\/site\/wp-json\/wp\/v2\/media\/33920"}],"wp:attachment":[{"href":"https:\/\/radiostudiow.com.br\/site\/wp-json\/wp\/v2\/media?parent=33918"}],"wp:term":[{"taxonomy":"category","embeddable":true,"href":"https:\/\/radiostudiow.com.br\/site\/wp-json\/wp\/v2\/categories?post=33918"},{"taxonomy":"post_tag","embeddable":true,"href":"https:\/\/radiostudiow.com.br\/site\/wp-json\/wp\/v2\/tags?post=33918"}],"curies":[{"name":"wp","href":"https:\/\/api.w.org\/{rel}","templated":true}]}}