{"id":33922,"date":"2025-02-10T09:57:10","date_gmt":"2025-02-10T12:57:10","guid":{"rendered":"https:\/\/radiostudiow.com.br\/site\/?p=33922"},"modified":"2025-02-10T10:00:26","modified_gmt":"2025-02-10T13:00:26","slug":"policia-militar-prende-homem-por-trafico-e-embriaguez-ao-volante-em-paula-freitas","status":"publish","type":"post","link":"https:\/\/radiostudiow.com.br\/site\/2025\/02\/10\/policia-militar-prende-homem-por-trafico-e-embriaguez-ao-volante-em-paula-freitas\/","title":{"rendered":"Pol\u00edcia Militar prende homem por tr\u00e1fico e embriaguez ao volante em Paula Freitas"},"content":{"rendered":"\n<p>A equipe da Pol\u00edcia Militar de Paula Freitas estava realizando patrulhamento em local conhecido pela intensa atividade do tr\u00e1fico de drogas quando abordou um ve\u00edculo em zigue-zague, indicando poss\u00edvel embriaguez ao volante.<\/p>\n\n\n\n<p>A situa\u00e7\u00e3o foi registrada na \u00e1rea central por volta das 21h45min desse s\u00e1bado (08).<\/p>\n\n\n\n<figure class=\"wp-block-image size-full\"><img loading=\"lazy\" decoding=\"async\" width=\"897\" height=\"204\" src=\"https:\/\/radiostudiow.com.br\/site\/wp-content\/uploads\/2025\/01\/SITE-GRANDE2.png\" alt=\"\" class=\"wp-image-32805\" srcset=\"https:\/\/radiostudiow.com.br\/site\/wp-content\/uploads\/2025\/01\/SITE-GRANDE2.png 897w, https:\/\/radiostudiow.com.br\/site\/wp-content\/uploads\/2025\/01\/SITE-GRANDE2-300x68.png 300w, https:\/\/radiostudiow.com.br\/site\/wp-content\/uploads\/2025\/01\/SITE-GRANDE2-768x175.png 768w\" sizes=\"auto, (max-width: 897px) 100vw, 897px\" \/><\/figure>\n\n\n\n<p>O condutor apresentou sinais de embriaguez e, em busca pessoal, foram encontradas por\u00e7\u00f5es desubst\u00e2ncia an\u00e1loga \u00e0 coca\u00edna prontas para comercializa\u00e7\u00e3o. O abordado admitiu estar transportandoa droga para entrega e confessou ter ingerido bebida alco\u00f3lica. Al\u00e9m disso, n\u00e3o possu\u00eda CNH.<\/p>\n\n\n\n<p>Diante dos fatos, foi preso por tr\u00e1fico de drogas e crimes de tr\u00e2nsito, sendo conduzido \u00e0 delegaciasem necessidade de algemas.<\/p>\n","protected":false},"excerpt":{"rendered":"<p>A equipe da Pol\u00edcia Militar de Paula Freitas estava realizando patrulhamento em local conhecido pela intensa atividade do tr\u00e1fico de drogas quando abordou um ve\u00edculo em zigue-zague, indicando poss\u00edvel embriaguez ao volante. A situa\u00e7\u00e3o foi registrada na \u00e1rea central por volta das 21h45min desse s\u00e1bado (08). O condutor apresentou sinais de embriaguez e, em busca [&hellip;]<\/p>\n","protected":false},"author":2,"featured_media":33927,"comment_status":"open","ping_status":"open","sticky":false,"template":"","format":"standard","meta":{"footnotes":""},"categories":[2],"tags":[172],"class_list":["post-33922","post","type-post","status-publish","format-standard","has-post-thumbnail","hentry","category-policial","tag-featured"],"amp_enabled":true,"_links":{"self":[{"href":"https:\/\/radiostudiow.com.br\/site\/wp-json\/wp\/v2\/posts\/33922","targetHints":{"allow":["GET"]}}],"collection":[{"href":"https:\/\/radiostudiow.com.br\/site\/wp-json\/wp\/v2\/posts"}],"about":[{"href":"https:\/\/radiostudiow.com.br\/site\/wp-json\/wp\/v2\/types\/post"}],"author":[{"embeddable":true,"href":"https:\/\/radiostudiow.com.br\/site\/wp-json\/wp\/v2\/users\/2"}],"replies":[{"embeddable":true,"href":"https:\/\/radiostudiow.com.br\/site\/wp-json\/wp\/v2\/comments?post=33922"}],"version-history":[{"count":1,"href":"https:\/\/radiostudiow.com.br\/site\/wp-json\/wp\/v2\/posts\/33922\/revisions"}],"predecessor-version":[{"id":33924,"href":"https:\/\/radiostudiow.com.br\/site\/wp-json\/wp\/v2\/posts\/33922\/revisions\/33924"}],"wp:featuredmedia":[{"embeddable":true,"href":"https:\/\/radiostudiow.com.br\/site\/wp-json\/wp\/v2\/media\/33927"}],"wp:attachment":[{"href":"https:\/\/radiostudiow.com.br\/site\/wp-json\/wp\/v2\/media?parent=33922"}],"wp:term":[{"taxonomy":"category","embeddable":true,"href":"https:\/\/radiostudiow.com.br\/site\/wp-json\/wp\/v2\/categories?post=33922"},{"taxonomy":"post_tag","embeddable":true,"href":"https:\/\/radiostudiow.com.br\/site\/wp-json\/wp\/v2\/tags?post=33922"}],"curies":[{"name":"wp","href":"https:\/\/api.w.org\/{rel}","templated":true}]}}