{"id":33928,"date":"2025-02-10T10:12:53","date_gmt":"2025-02-10T13:12:53","guid":{"rendered":"https:\/\/radiostudiow.com.br\/site\/?p=33928"},"modified":"2025-02-10T10:13:25","modified_gmt":"2025-02-10T13:13:25","slug":"homem-com-mandado-de-prisao-em-aberto-e-preso-durante-operacao-de-transito-em-porto-vitoria","status":"publish","type":"post","link":"https:\/\/radiostudiow.com.br\/site\/2025\/02\/10\/homem-com-mandado-de-prisao-em-aberto-e-preso-durante-operacao-de-transito-em-porto-vitoria\/","title":{"rendered":"Homem com mandado de pris\u00e3o em aberto \u00e9 preso durante opera\u00e7\u00e3o de tr\u00e2nsito em Porto Vit\u00f3ria"},"content":{"rendered":"\n<p>Durante uma opera\u00e7\u00e3o de tr\u00e2nsito, a equipe da\u00a0Pol\u00edcia Militar\u00a0Porto Vit\u00f3ria abordou um ve\u00edculo com placas adulteradas e tamb\u00e9m foi constatando que o carro possu\u00eda alerta de furto. Opera\u00e7\u00e3o realizada na \u00e1rea central, por volta das\u00a018h03 deste sab\u00e1do (08).<\/p>\n\n\n\n<figure class=\"wp-block-image size-full\"><img loading=\"lazy\" decoding=\"async\" width=\"598\" height=\"204\" src=\"https:\/\/radiostudiow.com.br\/site\/wp-content\/uploads\/2025\/01\/SITE-MEDIO2.png\" alt=\"\" class=\"wp-image-32844\" srcset=\"https:\/\/radiostudiow.com.br\/site\/wp-content\/uploads\/2025\/01\/SITE-MEDIO2.png 598w, https:\/\/radiostudiow.com.br\/site\/wp-content\/uploads\/2025\/01\/SITE-MEDIO2-300x102.png 300w\" sizes=\"auto, (max-width: 598px) 100vw, 598px\" \/><\/figure>\n\n\n\n<p>Durante a abordagem, os policiais constataram que o condutor n\u00e3o possu\u00eda CNH e e que o ve\u00edculo apresentava\u00a0caracter\u00edsticas adulteradas.<\/p>\n\n\n\n<p>Ap\u00f3s consulta no sistema, foi identificado um mandado de pris\u00e3o Art.528 do C\u00f3digo de Processo Civil (CPC) determina que o devedor de alimentos tem o prazo de tr\u00eas dias para pagar a d\u00edvida em seu desfavor.<\/p>\n\n\n\n<figure class=\"wp-block-image size-full\"><img loading=\"lazy\" decoding=\"async\" width=\"300\" height=\"180\" src=\"https:\/\/radiostudiow.com.br\/site\/wp-content\/uploads\/2025\/01\/SITE-PEQUENO.png\" alt=\"\" class=\"wp-image-32833\"\/><\/figure>\n\n\n\n<p>Foi verificado que o carro possu\u00eda\u00a0restri\u00e7\u00e3o de furto\u00a0e que havia um\u00a0mandado de pris\u00e3o em aberto\u00a0contra o motorista, conforme o\u00a0artigo 528 do C\u00f3digo de Processo Penal (CPP).<\/p>\n\n\n\n<p>Diante da situa\u00e7\u00e3o,\u00a0o condutor e a passageira foram detidos\u00a0e encaminhados \u00e0 delegacia para as provid\u00eancias cab\u00edveis. O ve\u00edculo tamb\u00e9m foi apreendido para investiga\u00e7\u00e3o e demais procedimentos legais.<\/p>\n\n\n\n<p><a href=\"mailto:?subject=Homem%20com%20mandado%20de%20pris%C3%A3o%20em%20aberto%20%C3%A9%20preso%20durante%20opera%C3%A7%C3%A3o%20de%20tr%C3%A2nsito&amp;body=https:\/\/www.vvale.com.br\/transito\/homem-com-mandado-de-prisao-em-aberto-e-preso-durante-operacao-de-transito\/\" target=\"_blank\" rel=\"noreferrer noopener\"><\/a><\/p>\n","protected":false},"excerpt":{"rendered":"<p>Durante uma opera\u00e7\u00e3o de tr\u00e2nsito, a equipe da\u00a0Pol\u00edcia Militar\u00a0Porto Vit\u00f3ria abordou um ve\u00edculo com placas adulteradas e tamb\u00e9m foi constatando que o carro possu\u00eda alerta de furto. Opera\u00e7\u00e3o realizada na \u00e1rea central, por volta das\u00a018h03 deste sab\u00e1do (08). Durante a abordagem, os policiais constataram que o condutor n\u00e3o possu\u00eda CNH e e que o ve\u00edculo [&hellip;]<\/p>\n","protected":false},"author":2,"featured_media":33930,"comment_status":"open","ping_status":"open","sticky":false,"template":"","format":"standard","meta":{"footnotes":""},"categories":[2],"tags":[172],"class_list":["post-33928","post","type-post","status-publish","format-standard","has-post-thumbnail","hentry","category-policial","tag-featured"],"amp_enabled":true,"_links":{"self":[{"href":"https:\/\/radiostudiow.com.br\/site\/wp-json\/wp\/v2\/posts\/33928","targetHints":{"allow":["GET"]}}],"collection":[{"href":"https:\/\/radiostudiow.com.br\/site\/wp-json\/wp\/v2\/posts"}],"about":[{"href":"https:\/\/radiostudiow.com.br\/site\/wp-json\/wp\/v2\/types\/post"}],"author":[{"embeddable":true,"href":"https:\/\/radiostudiow.com.br\/site\/wp-json\/wp\/v2\/users\/2"}],"replies":[{"embeddable":true,"href":"https:\/\/radiostudiow.com.br\/site\/wp-json\/wp\/v2\/comments?post=33928"}],"version-history":[{"count":3,"href":"https:\/\/radiostudiow.com.br\/site\/wp-json\/wp\/v2\/posts\/33928\/revisions"}],"predecessor-version":[{"id":33932,"href":"https:\/\/radiostudiow.com.br\/site\/wp-json\/wp\/v2\/posts\/33928\/revisions\/33932"}],"wp:featuredmedia":[{"embeddable":true,"href":"https:\/\/radiostudiow.com.br\/site\/wp-json\/wp\/v2\/media\/33930"}],"wp:attachment":[{"href":"https:\/\/radiostudiow.com.br\/site\/wp-json\/wp\/v2\/media?parent=33928"}],"wp:term":[{"taxonomy":"category","embeddable":true,"href":"https:\/\/radiostudiow.com.br\/site\/wp-json\/wp\/v2\/categories?post=33928"},{"taxonomy":"post_tag","embeddable":true,"href":"https:\/\/radiostudiow.com.br\/site\/wp-json\/wp\/v2\/tags?post=33928"}],"curies":[{"name":"wp","href":"https:\/\/api.w.org\/{rel}","templated":true}]}}