{"id":33937,"date":"2025-02-10T13:53:06","date_gmt":"2025-02-10T16:53:06","guid":{"rendered":"https:\/\/radiostudiow.com.br\/site\/?p=33937"},"modified":"2025-02-10T13:53:28","modified_gmt":"2025-02-10T16:53:28","slug":"incendio-destroi-estufa-de-fumo-na-colonia-duas-rio-claro-do-sul","status":"publish","type":"post","link":"https:\/\/radiostudiow.com.br\/site\/2025\/02\/10\/incendio-destroi-estufa-de-fumo-na-colonia-duas-rio-claro-do-sul\/","title":{"rendered":"Inc\u00eandio destr\u00f3i estufa de fumo na Col\u00f4nia Duas, Rio Claro do Sul"},"content":{"rendered":"\n<figure class=\"wp-block-image size-full\"><img decoding=\"async\" src=\"https:\/\/radiostudiow.com.br\/site\/wp-content\/uploads\/2024\/01\/SITE-GRANDE.png\" alt=\"\" class=\"wp-image-18949\"\/><\/figure>\n\n\n\n<p><\/p>\n\n\n\n<p>Na noite deste domingo (09), um inc\u00eandio de grandes propor\u00e7\u00f5es destruiu completamente uma estufa de fumo na localidade de Col\u00f4nia Duas, em Rio Claro do Sul, pr\u00f3ximo \u00e0 Capela Santana. O fogo consumiu cerca de 1.500 kg de fumo que estava no processo de secagem.<\/p>\n\n\n\n<p>Os Bombeiros Comunit\u00e1rios de Mallet foram acionados por volta das 23 horas e rapidamente se deslocaram para o local com dois caminh\u00f5es. No entanto, \u00e0 dist\u00e2ncia e as condi\u00e7\u00f5es de acesso retardaram a chegada da equipe, levando aproximadamente 45 minutos para alcan\u00e7ar o sinistro.<\/p>\n\n\n\n<p>Ao chegarem, os brigadistas encontraram a estufa completamente tomada pelo fogo. Apesar da resid\u00eancia do propriet\u00e1rio estar a cerca de 10 metros do inc\u00eandio, os bombeiros concentraram seus esfor\u00e7os em evitar que as chamas se alastrassem para outras estruturas pr\u00f3ximas, incluindo uma segunda estufa e um barrac\u00e3o coberto instalado ao lado.&nbsp;<\/p>\n\n\n\n<p>Gra\u00e7as \u00e0s a\u00e7\u00f5es r\u00e1pidas da equipe da Brigada de Mallet, o fogo foi contido antes de atingir essas edifica\u00e7\u00f5es.<\/p>\n\n\n\n<p>As causas do inc\u00eandio ainda s\u00e3o desconhecidas. Felizmente, ningu\u00e9m ficou ferido no incidente.<\/p>\n\n\n\n<figure class=\"wp-block-image size-large\"><img loading=\"lazy\" decoding=\"async\" width=\"1024\" height=\"809\" src=\"https:\/\/radiostudiow.com.br\/site\/wp-content\/uploads\/2025\/02\/Imagem-do-WhatsApp-de-2025-02-10-as-13.41.23_83f574e6-1024x809.jpg\" alt=\"\" class=\"wp-image-33938\" srcset=\"https:\/\/radiostudiow.com.br\/site\/wp-content\/uploads\/2025\/02\/Imagem-do-WhatsApp-de-2025-02-10-as-13.41.23_83f574e6-1024x809.jpg 1024w, https:\/\/radiostudiow.com.br\/site\/wp-content\/uploads\/2025\/02\/Imagem-do-WhatsApp-de-2025-02-10-as-13.41.23_83f574e6-300x237.jpg 300w, https:\/\/radiostudiow.com.br\/site\/wp-content\/uploads\/2025\/02\/Imagem-do-WhatsApp-de-2025-02-10-as-13.41.23_83f574e6-768x607.jpg 768w, https:\/\/radiostudiow.com.br\/site\/wp-content\/uploads\/2025\/02\/Imagem-do-WhatsApp-de-2025-02-10-as-13.41.23_83f574e6.jpg 1200w\" sizes=\"auto, (max-width: 1024px) 100vw, 1024px\" \/><\/figure>\n\n\n\n<figure class=\"wp-block-image size-large\"><img loading=\"lazy\" decoding=\"async\" width=\"1024\" height=\"952\" src=\"https:\/\/radiostudiow.com.br\/site\/wp-content\/uploads\/2025\/02\/Imagem-do-WhatsApp-de-2025-02-10-as-13.41.23_1e2ff2ca-1024x952.jpg\" alt=\"\" class=\"wp-image-33939\" srcset=\"https:\/\/radiostudiow.com.br\/site\/wp-content\/uploads\/2025\/02\/Imagem-do-WhatsApp-de-2025-02-10-as-13.41.23_1e2ff2ca-1024x952.jpg 1024w, https:\/\/radiostudiow.com.br\/site\/wp-content\/uploads\/2025\/02\/Imagem-do-WhatsApp-de-2025-02-10-as-13.41.23_1e2ff2ca-300x279.jpg 300w, https:\/\/radiostudiow.com.br\/site\/wp-content\/uploads\/2025\/02\/Imagem-do-WhatsApp-de-2025-02-10-as-13.41.23_1e2ff2ca-768x714.jpg 768w, https:\/\/radiostudiow.com.br\/site\/wp-content\/uploads\/2025\/02\/Imagem-do-WhatsApp-de-2025-02-10-as-13.41.23_1e2ff2ca.jpg 1200w\" sizes=\"auto, (max-width: 1024px) 100vw, 1024px\" \/><\/figure>\n\n\n\n<p><\/p>\n\n\n\n<figure class=\"wp-block-image size-full\"><img loading=\"lazy\" decoding=\"async\" width=\"900\" height=\"205\" src=\"https:\/\/radiostudiow.com.br\/site\/wp-content\/uploads\/2024\/03\/bannertijolao-e1733625657395.jpg\" alt=\"\" class=\"wp-image-20494\" srcset=\"https:\/\/radiostudiow.com.br\/site\/wp-content\/uploads\/2024\/03\/bannertijolao-e1733625657395.jpg 900w, https:\/\/radiostudiow.com.br\/site\/wp-content\/uploads\/2024\/03\/bannertijolao-e1733625657395-300x68.jpg 300w, https:\/\/radiostudiow.com.br\/site\/wp-content\/uploads\/2024\/03\/bannertijolao-e1733625657395-768x175.jpg 768w\" sizes=\"auto, (max-width: 900px) 100vw, 900px\" \/><\/figure>\n\n\n\n<figure class=\"wp-block-image size-full\"><img loading=\"lazy\" decoding=\"async\" width=\"897\" height=\"204\" src=\"https:\/\/radiostudiow.com.br\/site\/wp-content\/uploads\/2024\/08\/TIJOLAO.png\" alt=\"\" class=\"wp-image-25951\" srcset=\"https:\/\/radiostudiow.com.br\/site\/wp-content\/uploads\/2024\/08\/TIJOLAO.png 897w, https:\/\/radiostudiow.com.br\/site\/wp-content\/uploads\/2024\/08\/TIJOLAO-300x68.png 300w, https:\/\/radiostudiow.com.br\/site\/wp-content\/uploads\/2024\/08\/TIJOLAO-768x175.png 768w\" sizes=\"auto, (max-width: 897px) 100vw, 897px\" \/><\/figure>\n","protected":false},"excerpt":{"rendered":"<p>Na noite deste domingo (09), um inc\u00eandio de grandes propor\u00e7\u00f5es destruiu completamente uma estufa de fumo na localidade de Col\u00f4nia Duas, em Rio Claro do Sul, pr\u00f3ximo \u00e0 Capela Santana. O fogo consumiu cerca de 1.500 kg de fumo que estava no processo de secagem. Os Bombeiros Comunit\u00e1rios de Mallet foram acionados por volta das [&hellip;]<\/p>\n","protected":false},"author":2,"featured_media":33938,"comment_status":"open","ping_status":"open","sticky":false,"template":"","format":"standard","meta":{"footnotes":""},"categories":[184],"tags":[172],"class_list":["post-33937","post","type-post","status-publish","format-standard","has-post-thumbnail","hentry","category-local","tag-featured"],"amp_enabled":true,"_links":{"self":[{"href":"https:\/\/radiostudiow.com.br\/site\/wp-json\/wp\/v2\/posts\/33937","targetHints":{"allow":["GET"]}}],"collection":[{"href":"https:\/\/radiostudiow.com.br\/site\/wp-json\/wp\/v2\/posts"}],"about":[{"href":"https:\/\/radiostudiow.com.br\/site\/wp-json\/wp\/v2\/types\/post"}],"author":[{"embeddable":true,"href":"https:\/\/radiostudiow.com.br\/site\/wp-json\/wp\/v2\/users\/2"}],"replies":[{"embeddable":true,"href":"https:\/\/radiostudiow.com.br\/site\/wp-json\/wp\/v2\/comments?post=33937"}],"version-history":[{"count":2,"href":"https:\/\/radiostudiow.com.br\/site\/wp-json\/wp\/v2\/posts\/33937\/revisions"}],"predecessor-version":[{"id":33941,"href":"https:\/\/radiostudiow.com.br\/site\/wp-json\/wp\/v2\/posts\/33937\/revisions\/33941"}],"wp:featuredmedia":[{"embeddable":true,"href":"https:\/\/radiostudiow.com.br\/site\/wp-json\/wp\/v2\/media\/33938"}],"wp:attachment":[{"href":"https:\/\/radiostudiow.com.br\/site\/wp-json\/wp\/v2\/media?parent=33937"}],"wp:term":[{"taxonomy":"category","embeddable":true,"href":"https:\/\/radiostudiow.com.br\/site\/wp-json\/wp\/v2\/categories?post=33937"},{"taxonomy":"post_tag","embeddable":true,"href":"https:\/\/radiostudiow.com.br\/site\/wp-json\/wp\/v2\/tags?post=33937"}],"curies":[{"name":"wp","href":"https:\/\/api.w.org\/{rel}","templated":true}]}}