{"id":33945,"date":"2025-02-10T16:20:37","date_gmt":"2025-02-10T19:20:37","guid":{"rendered":"https:\/\/radiostudiow.com.br\/site\/?p=33945"},"modified":"2025-02-10T16:20:38","modified_gmt":"2025-02-10T19:20:38","slug":"brigadistas-comunitarios-de-mallet-resgatam-cavalo-atolado-na-colonia-charqueada","status":"publish","type":"post","link":"https:\/\/radiostudiow.com.br\/site\/2025\/02\/10\/brigadistas-comunitarios-de-mallet-resgatam-cavalo-atolado-na-colonia-charqueada\/","title":{"rendered":"BRIGADISTAS COMUNIT\u00c1RIOS DE MALLET RESGATAM CAVALO ATOLADO NA COL\u00d4NIA CHARQUEADA"},"content":{"rendered":"\n<p><strong><em>Um domingo dia 09 de fevereiro de muito trabalho para os Brigadistas Comunit\u00e1rios de Mallet.<\/em><\/strong><\/p>\n\n\n\n<p>A equipe foi acionada por volta das 09h10min, para realizar um resgate inusitado e desafiador. A informa\u00e7\u00e3o que havia um cavalo que teria ficado gravemente atolado em uma propriedade localizada na Col\u00f4nia Charqueada.<\/p>\n\n\n\n<figure class=\"wp-block-image size-full\"><img loading=\"lazy\" decoding=\"async\" width=\"897\" height=\"204\" src=\"https:\/\/radiostudiow.com.br\/site\/wp-content\/uploads\/2025\/01\/SITE-GRANDE2.png\" alt=\"\" class=\"wp-image-32805\" srcset=\"https:\/\/radiostudiow.com.br\/site\/wp-content\/uploads\/2025\/01\/SITE-GRANDE2.png 897w, https:\/\/radiostudiow.com.br\/site\/wp-content\/uploads\/2025\/01\/SITE-GRANDE2-300x68.png 300w, https:\/\/radiostudiow.com.br\/site\/wp-content\/uploads\/2025\/01\/SITE-GRANDE2-768x175.png 768w\" sizes=\"auto, (max-width: 897px) 100vw, 897px\" \/><\/figure>\n\n\n\n<p>Devido \u00e0 profundidade do atoleiro, o acesso ao local foi extremamente dificultado, impedindo tanto a passagem da equipe quanto da retroescavadeira disponibilizada pela Secretaria de Obras do munic\u00edpio.<\/p>\n\n\n\n<p>Apesar dos desafios, os brigadistas persistiram e, com muito esfor\u00e7o, conseguiram retirar o animal com seguran\u00e7a.<\/p>\n\n\n\n<figure class=\"wp-block-image size-full\"><img loading=\"lazy\" decoding=\"async\" width=\"897\" height=\"204\" src=\"https:\/\/radiostudiow.com.br\/site\/wp-content\/uploads\/2025\/01\/SITE-GRANDE5.png\" alt=\"\" class=\"wp-image-32814\" srcset=\"https:\/\/radiostudiow.com.br\/site\/wp-content\/uploads\/2025\/01\/SITE-GRANDE5.png 897w, https:\/\/radiostudiow.com.br\/site\/wp-content\/uploads\/2025\/01\/SITE-GRANDE5-300x68.png 300w, https:\/\/radiostudiow.com.br\/site\/wp-content\/uploads\/2025\/01\/SITE-GRANDE5-768x175.png 768w\" sizes=\"auto, (max-width: 897px) 100vw, 897px\" \/><\/figure>\n\n\n\n<p>Ap\u00f3s o resgate bem-sucedido, o cavalo foi entregue ao seu propriet\u00e1rio sem ferimentos aparentes.<br>Mais uma vez a a\u00e7\u00e3o demonstrou o compromisso e a dedica\u00e7\u00e3o dos brigadistas comunit\u00e1rios em prestar apoio \u00e0 comunidade, tanto em situa\u00e7\u00f5es de emerg\u00eancias bem como sempre auxiliando e orientando a popula\u00e7\u00e3o no seu dia a dia.<\/p>\n\n\n\n<figure class=\"wp-block-image size-large\"><img loading=\"lazy\" decoding=\"async\" width=\"768\" height=\"1024\" src=\"https:\/\/radiostudiow.com.br\/site\/wp-content\/uploads\/2025\/02\/58d725c4-1b07-46ae-945f-721b0186668d-768x1024.jpeg\" alt=\"\" class=\"wp-image-33947\" srcset=\"https:\/\/radiostudiow.com.br\/site\/wp-content\/uploads\/2025\/02\/58d725c4-1b07-46ae-945f-721b0186668d-768x1024.jpeg 768w, https:\/\/radiostudiow.com.br\/site\/wp-content\/uploads\/2025\/02\/58d725c4-1b07-46ae-945f-721b0186668d-225x300.jpeg 225w, https:\/\/radiostudiow.com.br\/site\/wp-content\/uploads\/2025\/02\/58d725c4-1b07-46ae-945f-721b0186668d-1152x1536.jpeg 1152w, https:\/\/radiostudiow.com.br\/site\/wp-content\/uploads\/2025\/02\/58d725c4-1b07-46ae-945f-721b0186668d.jpeg 1200w\" sizes=\"auto, (max-width: 768px) 100vw, 768px\" \/><\/figure>\n\n\n\n<p><em>Informa\u00e7\u00f5es: Brigadistas Comunit\u00e1rios de Mallet<\/em><\/p>\n","protected":false},"excerpt":{"rendered":"<p>Um domingo dia 09 de fevereiro de muito trabalho para os Brigadistas Comunit\u00e1rios de Mallet. A equipe foi acionada por volta das 09h10min, para realizar um resgate inusitado e desafiador. A informa\u00e7\u00e3o que havia um cavalo que teria ficado gravemente atolado em uma propriedade localizada na Col\u00f4nia Charqueada. Devido \u00e0 profundidade do atoleiro, o acesso [&hellip;]<\/p>\n","protected":false},"author":2,"featured_media":33946,"comment_status":"open","ping_status":"open","sticky":false,"template":"","format":"standard","meta":{"footnotes":""},"categories":[184],"tags":[172],"class_list":["post-33945","post","type-post","status-publish","format-standard","has-post-thumbnail","hentry","category-local","tag-featured"],"amp_enabled":true,"_links":{"self":[{"href":"https:\/\/radiostudiow.com.br\/site\/wp-json\/wp\/v2\/posts\/33945","targetHints":{"allow":["GET"]}}],"collection":[{"href":"https:\/\/radiostudiow.com.br\/site\/wp-json\/wp\/v2\/posts"}],"about":[{"href":"https:\/\/radiostudiow.com.br\/site\/wp-json\/wp\/v2\/types\/post"}],"author":[{"embeddable":true,"href":"https:\/\/radiostudiow.com.br\/site\/wp-json\/wp\/v2\/users\/2"}],"replies":[{"embeddable":true,"href":"https:\/\/radiostudiow.com.br\/site\/wp-json\/wp\/v2\/comments?post=33945"}],"version-history":[{"count":1,"href":"https:\/\/radiostudiow.com.br\/site\/wp-json\/wp\/v2\/posts\/33945\/revisions"}],"predecessor-version":[{"id":33948,"href":"https:\/\/radiostudiow.com.br\/site\/wp-json\/wp\/v2\/posts\/33945\/revisions\/33948"}],"wp:featuredmedia":[{"embeddable":true,"href":"https:\/\/radiostudiow.com.br\/site\/wp-json\/wp\/v2\/media\/33946"}],"wp:attachment":[{"href":"https:\/\/radiostudiow.com.br\/site\/wp-json\/wp\/v2\/media?parent=33945"}],"wp:term":[{"taxonomy":"category","embeddable":true,"href":"https:\/\/radiostudiow.com.br\/site\/wp-json\/wp\/v2\/categories?post=33945"},{"taxonomy":"post_tag","embeddable":true,"href":"https:\/\/radiostudiow.com.br\/site\/wp-json\/wp\/v2\/tags?post=33945"}],"curies":[{"name":"wp","href":"https:\/\/api.w.org\/{rel}","templated":true}]}}