{"id":33949,"date":"2025-02-10T16:24:41","date_gmt":"2025-02-10T19:24:41","guid":{"rendered":"https:\/\/radiostudiow.com.br\/site\/?p=33949"},"modified":"2025-02-10T16:24:41","modified_gmt":"2025-02-10T19:24:41","slug":"policia-militar-recupera-veiculo-furtado-em-reboucas-no-mesmo-dia-na-cidade-de-sao-mateus-do-sul","status":"publish","type":"post","link":"https:\/\/radiostudiow.com.br\/site\/2025\/02\/10\/policia-militar-recupera-veiculo-furtado-em-reboucas-no-mesmo-dia-na-cidade-de-sao-mateus-do-sul\/","title":{"rendered":"POL\u00cdCIA MILITAR RECUPERA VE\u00cdCULO FURTADO EM REBOU\u00c7AS NO MESMO DIA NA CIDADE DE S\u00c3O MATEUS DO SUL"},"content":{"rendered":"\n<p>Na madrugada deste domingo (09), um VW\/Gol foi furtado em frente \u00e0 Igreja Assembleia de Deus, na cidade de Rebou\u00e7as. O carro havia sido levado enquanto os frequentadores da igreja se preparavam para uma festa.<\/p>\n\n\n\n<figure class=\"wp-block-image size-full\"><img loading=\"lazy\" decoding=\"async\" width=\"897\" height=\"204\" src=\"https:\/\/radiostudiow.com.br\/site\/wp-content\/uploads\/2025\/02\/SITE-GRANDE7.png\" alt=\"\" class=\"wp-image-33861\" srcset=\"https:\/\/radiostudiow.com.br\/site\/wp-content\/uploads\/2025\/02\/SITE-GRANDE7.png 897w, https:\/\/radiostudiow.com.br\/site\/wp-content\/uploads\/2025\/02\/SITE-GRANDE7-300x68.png 300w, https:\/\/radiostudiow.com.br\/site\/wp-content\/uploads\/2025\/02\/SITE-GRANDE7-768x175.png 768w\" sizes=\"auto, (max-width: 897px) 100vw, 897px\" \/><\/figure>\n\n\n\n<p>No entanto, a a\u00e7\u00e3o r\u00e1pida da Pol\u00edcia Militar permitiu a recupera\u00e7\u00e3o do autom\u00f3vel ainda no mesmo dia, em S\u00e3o Mateus do Sul.<\/p>\n\n\n\n<p>A equipe da Patrulha Comunit\u00e1ria da Pol\u00edcia Militar realizou dilig\u00eancias pela regi\u00e3o e conseguiu localizar o ve\u00edculo no in\u00edcio da tarde. Os policiais localizaram o autom\u00f3vel estacionado em frente a um bar na Vila Nepomuceno, al\u00e9m de abordar dois homens suspeitos de envolvimento no crime. Ambos negaram envolvimento no furto, por\u00e9m, por estarem na posse do carro.<\/p>\n\n\n\n<figure class=\"wp-block-image size-full\"><img loading=\"lazy\" decoding=\"async\" width=\"598\" height=\"204\" src=\"https:\/\/radiostudiow.com.br\/site\/wp-content\/uploads\/2025\/01\/SITE-MEDIO.png\" alt=\"\" class=\"wp-image-32810\" srcset=\"https:\/\/radiostudiow.com.br\/site\/wp-content\/uploads\/2025\/01\/SITE-MEDIO.png 598w, https:\/\/radiostudiow.com.br\/site\/wp-content\/uploads\/2025\/01\/SITE-MEDIO-300x102.png 300w\" sizes=\"auto, (max-width: 598px) 100vw, 598px\" \/><\/figure>\n\n\n\n<p>Os detidos foram encaminhados \u00e0 3\u00aa Subdivis\u00e3o Policial para a ado\u00e7\u00e3o das medidas cab\u00edveis.<br>O caso segue em investiga\u00e7\u00e3o para apura\u00e7\u00e3o completa dos fatos.<br>Foto: Divulga\u00e7\u00e3o\/27\u00b0 BPM.<\/p>\n","protected":false},"excerpt":{"rendered":"<p>Na madrugada deste domingo (09), um VW\/Gol foi furtado em frente \u00e0 Igreja Assembleia de Deus, na cidade de Rebou\u00e7as. O carro havia sido levado enquanto os frequentadores da igreja se preparavam para uma festa. No entanto, a a\u00e7\u00e3o r\u00e1pida da Pol\u00edcia Militar permitiu a recupera\u00e7\u00e3o do autom\u00f3vel ainda no mesmo dia, em S\u00e3o Mateus [&hellip;]<\/p>\n","protected":false},"author":2,"featured_media":33950,"comment_status":"open","ping_status":"open","sticky":false,"template":"","format":"standard","meta":{"footnotes":""},"categories":[2],"tags":[172],"class_list":["post-33949","post","type-post","status-publish","format-standard","has-post-thumbnail","hentry","category-policial","tag-featured"],"amp_enabled":true,"_links":{"self":[{"href":"https:\/\/radiostudiow.com.br\/site\/wp-json\/wp\/v2\/posts\/33949","targetHints":{"allow":["GET"]}}],"collection":[{"href":"https:\/\/radiostudiow.com.br\/site\/wp-json\/wp\/v2\/posts"}],"about":[{"href":"https:\/\/radiostudiow.com.br\/site\/wp-json\/wp\/v2\/types\/post"}],"author":[{"embeddable":true,"href":"https:\/\/radiostudiow.com.br\/site\/wp-json\/wp\/v2\/users\/2"}],"replies":[{"embeddable":true,"href":"https:\/\/radiostudiow.com.br\/site\/wp-json\/wp\/v2\/comments?post=33949"}],"version-history":[{"count":1,"href":"https:\/\/radiostudiow.com.br\/site\/wp-json\/wp\/v2\/posts\/33949\/revisions"}],"predecessor-version":[{"id":33951,"href":"https:\/\/radiostudiow.com.br\/site\/wp-json\/wp\/v2\/posts\/33949\/revisions\/33951"}],"wp:featuredmedia":[{"embeddable":true,"href":"https:\/\/radiostudiow.com.br\/site\/wp-json\/wp\/v2\/media\/33950"}],"wp:attachment":[{"href":"https:\/\/radiostudiow.com.br\/site\/wp-json\/wp\/v2\/media?parent=33949"}],"wp:term":[{"taxonomy":"category","embeddable":true,"href":"https:\/\/radiostudiow.com.br\/site\/wp-json\/wp\/v2\/categories?post=33949"},{"taxonomy":"post_tag","embeddable":true,"href":"https:\/\/radiostudiow.com.br\/site\/wp-json\/wp\/v2\/tags?post=33949"}],"curies":[{"name":"wp","href":"https:\/\/api.w.org\/{rel}","templated":true}]}}