{"id":33957,"date":"2025-02-10T19:10:52","date_gmt":"2025-02-10T22:10:52","guid":{"rendered":"https:\/\/radiostudiow.com.br\/site\/?p=33957"},"modified":"2025-02-10T19:10:52","modified_gmt":"2025-02-10T22:10:52","slug":"jovem-de-21-anos-se-afoga-na-cachoeira-do-pinho-de-baixo-em-irati","status":"publish","type":"post","link":"https:\/\/radiostudiow.com.br\/site\/2025\/02\/10\/jovem-de-21-anos-se-afoga-na-cachoeira-do-pinho-de-baixo-em-irati\/","title":{"rendered":"Jovem de 21 anos se afoga na cachoeira do Pinho de Baixo em Irati"},"content":{"rendered":"\n<p>Na manh\u00e3 desta segunda-feira (10), o Corpo de Bombeiros de Irati localizou o corpo do jovem de 21 anos que se afogou na cachoeira do Pinho de Baixo, em Irati. O desaparecimento do jovem ocorreu na tarde do \u00faltimo domingo (09).<\/p>\n\n\n\n<p>A opera\u00e7\u00e3o de busca e resgate envolveu um total de 11 militares de Irati e de S\u00e3o Mateus do Sul. A cachoeira do Pinho de Baixo, local do incidente, \u00e9 conhecida por sua beleza natural, mas tamb\u00e9m por suas \u00e1guas profundas e correntezas fortes, que podem representar um risco para banhistas desavisados ou inexperientes.<\/p>\n\n\n\n<figure class=\"wp-block-image size-full\"><img loading=\"lazy\" decoding=\"async\" width=\"897\" height=\"204\" src=\"https:\/\/radiostudiow.com.br\/site\/wp-content\/uploads\/2025\/01\/SITE-GRANDE4.png\" alt=\"\" class=\"wp-image-32888\" srcset=\"https:\/\/radiostudiow.com.br\/site\/wp-content\/uploads\/2025\/01\/SITE-GRANDE4.png 897w, https:\/\/radiostudiow.com.br\/site\/wp-content\/uploads\/2025\/01\/SITE-GRANDE4-300x68.png 300w, https:\/\/radiostudiow.com.br\/site\/wp-content\/uploads\/2025\/01\/SITE-GRANDE4-768x175.png 768w\" sizes=\"auto, (max-width: 897px) 100vw, 897px\" \/><\/figure>\n\n\n\n<p>A identidade da v\u00edtima ainda n\u00e3o foi divulgada pelas autoridades locais. Ap\u00f3s a localiza\u00e7\u00e3o do corpo, equipes da Pol\u00edcia Cient\u00edfica e do Instituto M\u00e9dico Legal (IML) foram acionadas para a realiza\u00e7\u00e3o de per\u00edcia e recolhimento do corpo. A investiga\u00e7\u00e3o ir\u00e1 determinar as circunst\u00e2ncias exatas do afogamento.<\/p>\n\n\n\n<p>Este incidente tr\u00e1gico serve como um lembrete para a popula\u00e7\u00e3o local e visitantes sobre a import\u00e2ncia de observar as precau\u00e7\u00f5es de seguran\u00e7a ao nadar ou praticar atividades aqu\u00e1ticas em \u00e1reas naturais.<\/p>\n\n\n\n<figure class=\"wp-block-image size-full\"><img loading=\"lazy\" decoding=\"async\" width=\"300\" height=\"180\" src=\"https:\/\/radiostudiow.com.br\/site\/wp-content\/uploads\/2025\/01\/SITE-PEQUENO2.png\" alt=\"\" class=\"wp-image-32894\"\/><\/figure>\n\n\n\n<figure class=\"wp-block-image size-large\"><img loading=\"lazy\" decoding=\"async\" width=\"1024\" height=\"473\" src=\"https:\/\/radiostudiow.com.br\/site\/wp-content\/uploads\/2025\/02\/whatsapp-image-2025-02-10-at-14-33-40-c65c6778-1024x473.webp\" alt=\"\" class=\"wp-image-33959\" srcset=\"https:\/\/radiostudiow.com.br\/site\/wp-content\/uploads\/2025\/02\/whatsapp-image-2025-02-10-at-14-33-40-c65c6778-1024x473.webp 1024w, https:\/\/radiostudiow.com.br\/site\/wp-content\/uploads\/2025\/02\/whatsapp-image-2025-02-10-at-14-33-40-c65c6778-300x139.webp 300w, https:\/\/radiostudiow.com.br\/site\/wp-content\/uploads\/2025\/02\/whatsapp-image-2025-02-10-at-14-33-40-c65c6778-768x355.webp 768w, https:\/\/radiostudiow.com.br\/site\/wp-content\/uploads\/2025\/02\/whatsapp-image-2025-02-10-at-14-33-40-c65c6778.webp 1280w\" sizes=\"auto, (max-width: 1024px) 100vw, 1024px\" \/><\/figure>\n","protected":false},"excerpt":{"rendered":"<p>Na manh\u00e3 desta segunda-feira (10), o Corpo de Bombeiros de Irati localizou o corpo do jovem de 21 anos que se afogou na cachoeira do Pinho de Baixo, em Irati. O desaparecimento do jovem ocorreu na tarde do \u00faltimo domingo (09). A opera\u00e7\u00e3o de busca e resgate envolveu um total de 11 militares de Irati [&hellip;]<\/p>\n","protected":false},"author":2,"featured_media":33958,"comment_status":"open","ping_status":"open","sticky":false,"template":"","format":"standard","meta":{"footnotes":""},"categories":[185],"tags":[172],"class_list":["post-33957","post","type-post","status-publish","format-standard","has-post-thumbnail","hentry","category-regional","tag-featured"],"amp_enabled":true,"_links":{"self":[{"href":"https:\/\/radiostudiow.com.br\/site\/wp-json\/wp\/v2\/posts\/33957","targetHints":{"allow":["GET"]}}],"collection":[{"href":"https:\/\/radiostudiow.com.br\/site\/wp-json\/wp\/v2\/posts"}],"about":[{"href":"https:\/\/radiostudiow.com.br\/site\/wp-json\/wp\/v2\/types\/post"}],"author":[{"embeddable":true,"href":"https:\/\/radiostudiow.com.br\/site\/wp-json\/wp\/v2\/users\/2"}],"replies":[{"embeddable":true,"href":"https:\/\/radiostudiow.com.br\/site\/wp-json\/wp\/v2\/comments?post=33957"}],"version-history":[{"count":1,"href":"https:\/\/radiostudiow.com.br\/site\/wp-json\/wp\/v2\/posts\/33957\/revisions"}],"predecessor-version":[{"id":33960,"href":"https:\/\/radiostudiow.com.br\/site\/wp-json\/wp\/v2\/posts\/33957\/revisions\/33960"}],"wp:featuredmedia":[{"embeddable":true,"href":"https:\/\/radiostudiow.com.br\/site\/wp-json\/wp\/v2\/media\/33958"}],"wp:attachment":[{"href":"https:\/\/radiostudiow.com.br\/site\/wp-json\/wp\/v2\/media?parent=33957"}],"wp:term":[{"taxonomy":"category","embeddable":true,"href":"https:\/\/radiostudiow.com.br\/site\/wp-json\/wp\/v2\/categories?post=33957"},{"taxonomy":"post_tag","embeddable":true,"href":"https:\/\/radiostudiow.com.br\/site\/wp-json\/wp\/v2\/tags?post=33957"}],"curies":[{"name":"wp","href":"https:\/\/api.w.org\/{rel}","templated":true}]}}