{"id":33979,"date":"2025-02-11T17:00:37","date_gmt":"2025-02-11T20:00:37","guid":{"rendered":"https:\/\/radiostudiow.com.br\/site\/?p=33979"},"modified":"2025-02-11T17:17:39","modified_gmt":"2025-02-11T20:17:39","slug":"homem-de-39-anos-perde-a-vida-apos-acidente-na-br-280-em-irineopolis","status":"publish","type":"post","link":"https:\/\/radiostudiow.com.br\/site\/2025\/02\/11\/homem-de-39-anos-perde-a-vida-apos-acidente-na-br-280-em-irineopolis\/","title":{"rendered":"Homem de 39 anos perde a vida ap\u00f3s acidente na BR-280 em Irine\u00f3polis"},"content":{"rendered":"\n<p>Um acidente grav\u00edssimo ocorreu por volta das 07h20min desta ter\u00e7a-feira, 11 de fevereiro, na BR-280, na regi\u00e3o de Po\u00e7o Preto, em Irine\u00f3polis tirou a vida de Alexandre Matos, de 39 anos.<\/p>\n\n\n\n<p>A colis\u00e3o frontal envolveu uma Ford Ecosport, com placas de Porto Uni\u00e3o, no qual Alexandre era o condutor. Ele era o \u00fanico ocupante do ve\u00edculo.<\/p>\n\n\n\n<figure class=\"wp-block-image size-full\"><img loading=\"lazy\" decoding=\"async\" width=\"897\" height=\"204\" src=\"https:\/\/radiostudiow.com.br\/site\/wp-content\/uploads\/2025\/01\/SITE-GRANDE5.png\" alt=\"\" class=\"wp-image-32814\" srcset=\"https:\/\/radiostudiow.com.br\/site\/wp-content\/uploads\/2025\/01\/SITE-GRANDE5.png 897w, https:\/\/radiostudiow.com.br\/site\/wp-content\/uploads\/2025\/01\/SITE-GRANDE5-300x68.png 300w, https:\/\/radiostudiow.com.br\/site\/wp-content\/uploads\/2025\/01\/SITE-GRANDE5-768x175.png 768w\" sizes=\"auto, (max-width: 897px) 100vw, 897px\" \/><\/figure>\n\n\n\n<p>O outro ve\u00edculo envolvido \u00e9 uma carreta, com placas do Brasil, mas pertencente a um motorista de General Carneiro. O condutor da carreta estava sozinho e n\u00e3o sofreu ferimentos.<\/p>\n\n\n\n<p>Alexandre era morador de Porto Uni\u00e3o, mas trabalhava como professor no Grupo Escolar Z\u00e9lia Milles, em Irine\u00f3polis.<\/p>\n\n\n\n<figure class=\"wp-block-video\"><video height=\"1280\" style=\"aspect-ratio: 720 \/ 1280;\" width=\"720\" controls src=\"https:\/\/radiostudiow.com.br\/site\/wp-content\/uploads\/2025\/02\/Acidente-2-1.mp4\"><\/video><\/figure>\n","protected":false},"excerpt":{"rendered":"<p>Um acidente grav\u00edssimo ocorreu por volta das 07h20min desta ter\u00e7a-feira, 11 de fevereiro, na BR-280, na regi\u00e3o de Po\u00e7o Preto, em Irine\u00f3polis tirou a vida de Alexandre Matos, de 39 anos. A colis\u00e3o frontal envolveu uma Ford Ecosport, com placas de Porto Uni\u00e3o, no qual Alexandre era o condutor. Ele era o \u00fanico ocupante do [&hellip;]<\/p>\n","protected":false},"author":2,"featured_media":33980,"comment_status":"open","ping_status":"open","sticky":false,"template":"","format":"standard","meta":{"footnotes":""},"categories":[185],"tags":[172],"class_list":["post-33979","post","type-post","status-publish","format-standard","has-post-thumbnail","hentry","category-regional","tag-featured"],"amp_enabled":true,"_links":{"self":[{"href":"https:\/\/radiostudiow.com.br\/site\/wp-json\/wp\/v2\/posts\/33979","targetHints":{"allow":["GET"]}}],"collection":[{"href":"https:\/\/radiostudiow.com.br\/site\/wp-json\/wp\/v2\/posts"}],"about":[{"href":"https:\/\/radiostudiow.com.br\/site\/wp-json\/wp\/v2\/types\/post"}],"author":[{"embeddable":true,"href":"https:\/\/radiostudiow.com.br\/site\/wp-json\/wp\/v2\/users\/2"}],"replies":[{"embeddable":true,"href":"https:\/\/radiostudiow.com.br\/site\/wp-json\/wp\/v2\/comments?post=33979"}],"version-history":[{"count":5,"href":"https:\/\/radiostudiow.com.br\/site\/wp-json\/wp\/v2\/posts\/33979\/revisions"}],"predecessor-version":[{"id":34002,"href":"https:\/\/radiostudiow.com.br\/site\/wp-json\/wp\/v2\/posts\/33979\/revisions\/34002"}],"wp:featuredmedia":[{"embeddable":true,"href":"https:\/\/radiostudiow.com.br\/site\/wp-json\/wp\/v2\/media\/33980"}],"wp:attachment":[{"href":"https:\/\/radiostudiow.com.br\/site\/wp-json\/wp\/v2\/media?parent=33979"}],"wp:term":[{"taxonomy":"category","embeddable":true,"href":"https:\/\/radiostudiow.com.br\/site\/wp-json\/wp\/v2\/categories?post=33979"},{"taxonomy":"post_tag","embeddable":true,"href":"https:\/\/radiostudiow.com.br\/site\/wp-json\/wp\/v2\/tags?post=33979"}],"curies":[{"name":"wp","href":"https:\/\/api.w.org\/{rel}","templated":true}]}}