{"id":33982,"date":"2025-02-11T16:54:26","date_gmt":"2025-02-11T19:54:26","guid":{"rendered":"https:\/\/radiostudiow.com.br\/site\/?p=33982"},"modified":"2025-02-11T16:54:26","modified_gmt":"2025-02-11T19:54:26","slug":"pm-recupera-bicicleta-furtada-e-prende-autor-em-uniao-da-vitoria","status":"publish","type":"post","link":"https:\/\/radiostudiow.com.br\/site\/2025\/02\/11\/pm-recupera-bicicleta-furtada-e-prende-autor-em-uniao-da-vitoria\/","title":{"rendered":"PM recupera bicicleta furtada e prende autor em Uni\u00e3o da Vit\u00f3ria"},"content":{"rendered":"\n<figure class=\"wp-block-image size-full\"><img loading=\"lazy\" decoding=\"async\" width=\"897\" height=\"204\" src=\"https:\/\/radiostudiow.com.br\/site\/wp-content\/uploads\/2025\/01\/SITE-GRANDE.png\" alt=\"\" class=\"wp-image-32809\" srcset=\"https:\/\/radiostudiow.com.br\/site\/wp-content\/uploads\/2025\/01\/SITE-GRANDE.png 897w, https:\/\/radiostudiow.com.br\/site\/wp-content\/uploads\/2025\/01\/SITE-GRANDE-300x68.png 300w, https:\/\/radiostudiow.com.br\/site\/wp-content\/uploads\/2025\/01\/SITE-GRANDE-768x175.png 768w\" sizes=\"auto, (max-width: 897px) 100vw, 897px\" \/><\/figure>\n\n\n\n<p>A equipe da Pol\u00edcia Militar de Uni\u00e3o da Vit\u00f3ria prendeu um homem suspeito de recepta\u00e7\u00e3o no bairro Cidade Jardim por volta das 15h40min a tarde desta segunda-feira (10).<\/p>\n\n\n\n<p>Durante patrulhamento, a equipe avistou um indiv\u00edduo que se assemelhava a um homem envolvido em um furto recente de bicicleta em Porto Uni\u00e3o. Ao ser abordado, o suspeito confessou ser o autor do furto e informou que a bicicleta roubada estava em sua resid\u00eancia.<\/p>\n\n\n\n<p>A equipe da Pol\u00edcia Militar se dirigiu at\u00e9 o local, onde a bicicleta foi recuperada com sucesso. O homem foi ent\u00e3o conduzido at\u00e9 a 4\u00aa Subdivis\u00e3o Policial (4SDP) juntamente com o bem recuperado, para as provid\u00eancias legais e de pol\u00edcia judici\u00e1ria.<\/p>\n\n\n\n<figure class=\"wp-block-image size-full\"><img loading=\"lazy\" decoding=\"async\" width=\"300\" height=\"180\" src=\"https:\/\/radiostudiow.com.br\/site\/wp-content\/uploads\/2025\/01\/SITE-PEQUENO2.png\" alt=\"\" class=\"wp-image-32894\"\/><\/figure>\n","protected":false},"excerpt":{"rendered":"<p>A equipe da Pol\u00edcia Militar de Uni\u00e3o da Vit\u00f3ria prendeu um homem suspeito de recepta\u00e7\u00e3o no bairro Cidade Jardim por volta das 15h40min a tarde desta segunda-feira (10). Durante patrulhamento, a equipe avistou um indiv\u00edduo que se assemelhava a um homem envolvido em um furto recente de bicicleta em Porto Uni\u00e3o. Ao ser abordado, o [&hellip;]<\/p>\n","protected":false},"author":2,"featured_media":33983,"comment_status":"open","ping_status":"open","sticky":false,"template":"","format":"standard","meta":{"footnotes":""},"categories":[2],"tags":[172],"class_list":["post-33982","post","type-post","status-publish","format-standard","has-post-thumbnail","hentry","category-policial","tag-featured"],"amp_enabled":true,"_links":{"self":[{"href":"https:\/\/radiostudiow.com.br\/site\/wp-json\/wp\/v2\/posts\/33982","targetHints":{"allow":["GET"]}}],"collection":[{"href":"https:\/\/radiostudiow.com.br\/site\/wp-json\/wp\/v2\/posts"}],"about":[{"href":"https:\/\/radiostudiow.com.br\/site\/wp-json\/wp\/v2\/types\/post"}],"author":[{"embeddable":true,"href":"https:\/\/radiostudiow.com.br\/site\/wp-json\/wp\/v2\/users\/2"}],"replies":[{"embeddable":true,"href":"https:\/\/radiostudiow.com.br\/site\/wp-json\/wp\/v2\/comments?post=33982"}],"version-history":[{"count":2,"href":"https:\/\/radiostudiow.com.br\/site\/wp-json\/wp\/v2\/posts\/33982\/revisions"}],"predecessor-version":[{"id":33989,"href":"https:\/\/radiostudiow.com.br\/site\/wp-json\/wp\/v2\/posts\/33982\/revisions\/33989"}],"wp:featuredmedia":[{"embeddable":true,"href":"https:\/\/radiostudiow.com.br\/site\/wp-json\/wp\/v2\/media\/33983"}],"wp:attachment":[{"href":"https:\/\/radiostudiow.com.br\/site\/wp-json\/wp\/v2\/media?parent=33982"}],"wp:term":[{"taxonomy":"category","embeddable":true,"href":"https:\/\/radiostudiow.com.br\/site\/wp-json\/wp\/v2\/categories?post=33982"},{"taxonomy":"post_tag","embeddable":true,"href":"https:\/\/radiostudiow.com.br\/site\/wp-json\/wp\/v2\/tags?post=33982"}],"curies":[{"name":"wp","href":"https:\/\/api.w.org\/{rel}","templated":true}]}}