{"id":33985,"date":"2025-02-11T16:46:35","date_gmt":"2025-02-11T19:46:35","guid":{"rendered":"https:\/\/radiostudiow.com.br\/site\/?p=33985"},"modified":"2025-02-11T16:46:35","modified_gmt":"2025-02-11T19:46:35","slug":"prisao-de-homem-com-historico-de-furto","status":"publish","type":"post","link":"https:\/\/radiostudiow.com.br\/site\/2025\/02\/11\/prisao-de-homem-com-historico-de-furto\/","title":{"rendered":"Pris\u00e3o de homem com hist\u00f3rico de furto"},"content":{"rendered":"\n<figure class=\"wp-block-image size-full\"><img loading=\"lazy\" decoding=\"async\" width=\"598\" height=\"204\" src=\"https:\/\/radiostudiow.com.br\/site\/wp-content\/uploads\/2025\/01\/SITE-MEDIO3.png\" alt=\"\" class=\"wp-image-32815\" srcset=\"https:\/\/radiostudiow.com.br\/site\/wp-content\/uploads\/2025\/01\/SITE-MEDIO3.png 598w, https:\/\/radiostudiow.com.br\/site\/wp-content\/uploads\/2025\/01\/SITE-MEDIO3-300x102.png 300w\" sizes=\"auto, (max-width: 598px) 100vw, 598px\" \/><\/figure>\n\n\n\n<p>A equipe da Pol\u00edcia Militar de S\u00e3o Mateus do Sul atendeu a uma ocorr\u00eancia de furto no centro da cidade por volta das 11h48min na manh\u00e3 desta segunda-feira (10).<\/p>\n\n\n\n<p>O solicitante informou que durante o final de semana, duas baterias de um ve\u00edculo da Secretaria Municipal de Obras foram furtadas. Ap\u00f3s dilig\u00eancias, a equipe policial localizou um homem, conhecido por sua pr\u00e1tica recorrente de furtos na regi\u00e3o.<\/p>\n\n\n\n<p>Durante a abordagem, ele confessou o furto das baterias e indicou o local onde as havia escondido. Al\u00e9m disso, com o suspeito, foi encontrado um tablet, que, segundo a equipe, tinha as mesmas caracter\u00edsticas de um aparelho furtado recentemente. O homem tamb\u00e9m admitiu a autoria do furto do tablet.<\/p>\n\n\n\n<p>Diante dos fatos, o suspeito foi conduzido at\u00e9 a delegacia local para as provid\u00eancias legais e as devidas medidas judiciais.<\/p>\n\n\n\n<figure class=\"wp-block-image size-full\"><img decoding=\"async\" src=\"https:\/\/radiostudiow.com.br\/site\/wp-content\/uploads\/2025\/02\/SITE-E-TV.png\" alt=\"\" class=\"wp-image-33896\"\/><\/figure>\n\n\n\n<p><a href=\"mailto:?subject=Pris%C3%A3o%20de%20homem%20com%20hist%C3%B3rico%20de%20furto&amp;body=https:\/\/www.vvale.com.br\/seguranca\/prisao-de-homem-com-historico-de-furto\/\" target=\"_blank\" rel=\"noreferrer noopener\"><\/a><\/p>\n","protected":false},"excerpt":{"rendered":"<p>A equipe da Pol\u00edcia Militar de S\u00e3o Mateus do Sul atendeu a uma ocorr\u00eancia de furto no centro da cidade por volta das 11h48min na manh\u00e3 desta segunda-feira (10). O solicitante informou que durante o final de semana, duas baterias de um ve\u00edculo da Secretaria Municipal de Obras foram furtadas. Ap\u00f3s dilig\u00eancias, a equipe policial [&hellip;]<\/p>\n","protected":false},"author":2,"featured_media":33986,"comment_status":"open","ping_status":"open","sticky":false,"template":"","format":"standard","meta":{"footnotes":""},"categories":[2],"tags":[172],"class_list":["post-33985","post","type-post","status-publish","format-standard","has-post-thumbnail","hentry","category-policial","tag-featured"],"amp_enabled":true,"_links":{"self":[{"href":"https:\/\/radiostudiow.com.br\/site\/wp-json\/wp\/v2\/posts\/33985","targetHints":{"allow":["GET"]}}],"collection":[{"href":"https:\/\/radiostudiow.com.br\/site\/wp-json\/wp\/v2\/posts"}],"about":[{"href":"https:\/\/radiostudiow.com.br\/site\/wp-json\/wp\/v2\/types\/post"}],"author":[{"embeddable":true,"href":"https:\/\/radiostudiow.com.br\/site\/wp-json\/wp\/v2\/users\/2"}],"replies":[{"embeddable":true,"href":"https:\/\/radiostudiow.com.br\/site\/wp-json\/wp\/v2\/comments?post=33985"}],"version-history":[{"count":1,"href":"https:\/\/radiostudiow.com.br\/site\/wp-json\/wp\/v2\/posts\/33985\/revisions"}],"predecessor-version":[{"id":33987,"href":"https:\/\/radiostudiow.com.br\/site\/wp-json\/wp\/v2\/posts\/33985\/revisions\/33987"}],"wp:featuredmedia":[{"embeddable":true,"href":"https:\/\/radiostudiow.com.br\/site\/wp-json\/wp\/v2\/media\/33986"}],"wp:attachment":[{"href":"https:\/\/radiostudiow.com.br\/site\/wp-json\/wp\/v2\/media?parent=33985"}],"wp:term":[{"taxonomy":"category","embeddable":true,"href":"https:\/\/radiostudiow.com.br\/site\/wp-json\/wp\/v2\/categories?post=33985"},{"taxonomy":"post_tag","embeddable":true,"href":"https:\/\/radiostudiow.com.br\/site\/wp-json\/wp\/v2\/tags?post=33985"}],"curies":[{"name":"wp","href":"https:\/\/api.w.org\/{rel}","templated":true}]}}