{"id":3400,"date":"2021-08-26T15:17:33","date_gmt":"2021-08-26T18:17:33","guid":{"rendered":"https:\/\/radiostudiow.com.br\/site\/?p=3400"},"modified":"2025-01-31T15:12:30","modified_gmt":"2025-01-31T18:12:30","slug":"pm-e-oficial-de-justica-de-mallet-cumprem-mandado-de-apreensao","status":"publish","type":"post","link":"https:\/\/radiostudiow.com.br\/site\/2021\/08\/26\/pm-e-oficial-de-justica-de-mallet-cumprem-mandado-de-apreensao\/","title":{"rendered":"PM e Oficial de Justi\u00e7a de Mallet cumprem mandado de apreens\u00e3o"},"content":{"rendered":"\n<p>A equipe da Pol\u00edcia Militar de Mallet foi acionada por volta das 17:00 horas dessa quarta \u2013 feira, 25 de agosto, para acompanhamento em apoio ao Oficial de Justi\u00e7a do munic\u00edpio.<\/p>\n\n\n\n<p>De acordo com o relat\u00f3rio policial, a equipe policial e Oficial de Justi\u00e7a de Mallet cumpriram um mandado de busca e apreens\u00e3o na forma e sobas penas da lei na \u00e1rea central.<\/p>\n\n\n\n<figure class=\"wp-block-image size-full\"><img decoding=\"async\" src=\"https:\/\/radiostudiow.com.br\/site\/wp-content\/uploads\/2021\/08\/HF-MALLET.jpg\" alt=\"\" class=\"wp-image-3369\"\/><\/figure>\n","protected":false},"excerpt":{"rendered":"<p>A equipe da Pol\u00edcia Militar de Mallet foi acionada por volta das 17:00 horas dessa quarta \u2013 feira, 25 de agosto, para acompanhamento em apoio ao Oficial de Justi\u00e7a do munic\u00edpio. De acordo com o relat\u00f3rio policial, a equipe policial e Oficial de Justi\u00e7a de Mallet cumpriram um mandado de busca e apreens\u00e3o na forma [&hellip;]<\/p>\n","protected":false},"author":2,"featured_media":1750,"comment_status":"open","ping_status":"open","sticky":false,"template":"","format":"standard","meta":{"footnotes":""},"categories":[2],"tags":[172],"class_list":["post-3400","post","type-post","status-publish","format-standard","has-post-thumbnail","hentry","category-policial","tag-featured"],"amp_enabled":true,"_links":{"self":[{"href":"https:\/\/radiostudiow.com.br\/site\/wp-json\/wp\/v2\/posts\/3400","targetHints":{"allow":["GET"]}}],"collection":[{"href":"https:\/\/radiostudiow.com.br\/site\/wp-json\/wp\/v2\/posts"}],"about":[{"href":"https:\/\/radiostudiow.com.br\/site\/wp-json\/wp\/v2\/types\/post"}],"author":[{"embeddable":true,"href":"https:\/\/radiostudiow.com.br\/site\/wp-json\/wp\/v2\/users\/2"}],"replies":[{"embeddable":true,"href":"https:\/\/radiostudiow.com.br\/site\/wp-json\/wp\/v2\/comments?post=3400"}],"version-history":[{"count":1,"href":"https:\/\/radiostudiow.com.br\/site\/wp-json\/wp\/v2\/posts\/3400\/revisions"}],"predecessor-version":[{"id":3401,"href":"https:\/\/radiostudiow.com.br\/site\/wp-json\/wp\/v2\/posts\/3400\/revisions\/3401"}],"wp:featuredmedia":[{"embeddable":true,"href":"https:\/\/radiostudiow.com.br\/site\/wp-json\/wp\/v2\/media\/1750"}],"wp:attachment":[{"href":"https:\/\/radiostudiow.com.br\/site\/wp-json\/wp\/v2\/media?parent=3400"}],"wp:term":[{"taxonomy":"category","embeddable":true,"href":"https:\/\/radiostudiow.com.br\/site\/wp-json\/wp\/v2\/categories?post=3400"},{"taxonomy":"post_tag","embeddable":true,"href":"https:\/\/radiostudiow.com.br\/site\/wp-json\/wp\/v2\/tags?post=3400"}],"curies":[{"name":"wp","href":"https:\/\/api.w.org\/{rel}","templated":true}]}}