{"id":34018,"date":"2025-02-11T21:09:37","date_gmt":"2025-02-12T00:09:37","guid":{"rendered":"https:\/\/radiostudiow.com.br\/site\/?p=34018"},"modified":"2025-02-11T21:09:37","modified_gmt":"2025-02-12T00:09:37","slug":"municipio-de-mallet-recebe-selo-ouro-do-compromisso-com-a-alfabetizacao-em-2024","status":"publish","type":"post","link":"https:\/\/radiostudiow.com.br\/site\/2025\/02\/11\/municipio-de-mallet-recebe-selo-ouro-do-compromisso-com-a-alfabetizacao-em-2024\/","title":{"rendered":"Munic\u00edpio de Mallet recebe Selo Ouro do Compromisso com a Alfabetiza\u00e7\u00e3o em 2024"},"content":{"rendered":"\n<p>Na \u00faltima segunda-feira, 10 de fevereiro, o munic\u00edpio de Mallet celebrou uma importante conquista na \u00e1rea da educa\u00e7\u00e3o. A cidade foi agraciada com o Selo Ouro do Compromisso com a Alfabetiza\u00e7\u00e3o, um reconhecimento nacional concedido pelo Minist\u00e9rio da Educa\u00e7\u00e3o \u00e0s redes de ensino que se destacam na promo\u00e7\u00e3o da alfabetiza\u00e7\u00e3o infantil.<\/p>\n\n\n\n<figure class=\"wp-block-image size-full\"><img loading=\"lazy\" decoding=\"async\" width=\"897\" height=\"204\" src=\"https:\/\/radiostudiow.com.br\/site\/wp-content\/uploads\/2025\/02\/SITE-GRANDE7.png\" alt=\"\" class=\"wp-image-33861\" srcset=\"https:\/\/radiostudiow.com.br\/site\/wp-content\/uploads\/2025\/02\/SITE-GRANDE7.png 897w, https:\/\/radiostudiow.com.br\/site\/wp-content\/uploads\/2025\/02\/SITE-GRANDE7-300x68.png 300w, https:\/\/radiostudiow.com.br\/site\/wp-content\/uploads\/2025\/02\/SITE-GRANDE7-768x175.png 768w\" sizes=\"auto, (max-width: 897px) 100vw, 897px\" \/><\/figure>\n\n\n\n<p>O Selo Nacional Compromisso com a Alfabetiza\u00e7\u00e3o \u00e9 uma certifica\u00e7\u00e3o que valida o empenho das gest\u00f5es estaduais, municipais e distritais na garantia do direito \u00e0 alfabetiza\u00e7\u00e3o das crian\u00e7as. Ele \u00e9 concedido com base em crit\u00e9rios espec\u00edficos, que incluem a ado\u00e7\u00e3o de estrat\u00e9gias educacionais e a ades\u00e3o a iniciativas voltadas para a melhoria do ensino. A premia\u00e7\u00e3o \u00e9 dividida em tr\u00eas categorias: Bronze, para pontua\u00e7\u00f5es entre 45 e 64 pontos; Prata, para pontua\u00e7\u00f5es entre 65 e 84 pontos; e Ouro, para redes que alcan\u00e7am entre 85 e 100 pontos.<\/p>\n\n\n\n<p>A conquista do Selo Ouro \u00e9 fruto do trabalho conjunto da Secretaria de Educa\u00e7\u00e3o, sob a gest\u00e3o do ex-secret\u00e1rio Professor Elson Krinski, e de toda a equipe pedag\u00f3gica, t\u00e9cnica e escolar. Professores, diretores, coordenadores e demais colaboradores da rede municipal desempenharam um papel fundamental para que Mallet alcan\u00e7asse essa honraria, garantindo um ensino de qualidade e o desenvolvimento das crian\u00e7as da cidade.<\/p>\n\n\n\n<figure class=\"wp-block-image size-full\"><img loading=\"lazy\" decoding=\"async\" width=\"897\" height=\"204\" src=\"https:\/\/radiostudiow.com.br\/site\/wp-content\/uploads\/2025\/01\/SITE-GRANDE4.png\" alt=\"\" class=\"wp-image-32888\" srcset=\"https:\/\/radiostudiow.com.br\/site\/wp-content\/uploads\/2025\/01\/SITE-GRANDE4.png 897w, https:\/\/radiostudiow.com.br\/site\/wp-content\/uploads\/2025\/01\/SITE-GRANDE4-300x68.png 300w, https:\/\/radiostudiow.com.br\/site\/wp-content\/uploads\/2025\/01\/SITE-GRANDE4-768x175.png 768w\" sizes=\"auto, (max-width: 897px) 100vw, 897px\" \/><\/figure>\n\n\n\n<p>A cerim\u00f4nia de entrega do selo foi realizada em Bras\u00edlia, no Distrito Federal, e reuniu representantes de diversas cidades do pa\u00eds. Em nota oficial, a Prefeitura Municipal de Mallet destacou o orgulho pela conquista e agradeceu a dedica\u00e7\u00e3o de todos os envolvidos.<em><strong> &#8220;O empenho de todos \u00e9 fundamental para o sucesso da nossa educa\u00e7\u00e3o. Parab\u00e9ns pela dedica\u00e7\u00e3o e comprometimento&#8221;, afirmou a administra\u00e7\u00e3o municipal, o qual deseja que 2025 tamb\u00e9m seja um ano de destaque na regi\u00e3o.<\/strong><\/em><\/p>\n\n\n\n<p>Esse reconhecimento refor\u00e7a a import\u00e2ncia dos investimentos e esfor\u00e7os cont\u00ednuos na educa\u00e7\u00e3o b\u00e1sica no nosso munic\u00edpio de Mallet, assegurando que mais crian\u00e7as tenham acesso a um aprendizado de qualidade desde os primeiros anos escolares.<\/p>\n\n\n\n<p><\/p>\n","protected":false},"excerpt":{"rendered":"<p>Na \u00faltima segunda-feira, 10 de fevereiro, o munic\u00edpio de Mallet celebrou uma importante conquista na \u00e1rea da educa\u00e7\u00e3o. A cidade foi agraciada com o Selo Ouro do Compromisso com a Alfabetiza\u00e7\u00e3o, um reconhecimento nacional concedido pelo Minist\u00e9rio da Educa\u00e7\u00e3o \u00e0s redes de ensino que se destacam na promo\u00e7\u00e3o da alfabetiza\u00e7\u00e3o infantil. O Selo Nacional Compromisso [&hellip;]<\/p>\n","protected":false},"author":2,"featured_media":34019,"comment_status":"open","ping_status":"open","sticky":false,"template":"","format":"standard","meta":{"footnotes":""},"categories":[184],"tags":[172],"class_list":["post-34018","post","type-post","status-publish","format-standard","has-post-thumbnail","hentry","category-local","tag-featured"],"amp_enabled":true,"_links":{"self":[{"href":"https:\/\/radiostudiow.com.br\/site\/wp-json\/wp\/v2\/posts\/34018","targetHints":{"allow":["GET"]}}],"collection":[{"href":"https:\/\/radiostudiow.com.br\/site\/wp-json\/wp\/v2\/posts"}],"about":[{"href":"https:\/\/radiostudiow.com.br\/site\/wp-json\/wp\/v2\/types\/post"}],"author":[{"embeddable":true,"href":"https:\/\/radiostudiow.com.br\/site\/wp-json\/wp\/v2\/users\/2"}],"replies":[{"embeddable":true,"href":"https:\/\/radiostudiow.com.br\/site\/wp-json\/wp\/v2\/comments?post=34018"}],"version-history":[{"count":1,"href":"https:\/\/radiostudiow.com.br\/site\/wp-json\/wp\/v2\/posts\/34018\/revisions"}],"predecessor-version":[{"id":34020,"href":"https:\/\/radiostudiow.com.br\/site\/wp-json\/wp\/v2\/posts\/34018\/revisions\/34020"}],"wp:featuredmedia":[{"embeddable":true,"href":"https:\/\/radiostudiow.com.br\/site\/wp-json\/wp\/v2\/media\/34019"}],"wp:attachment":[{"href":"https:\/\/radiostudiow.com.br\/site\/wp-json\/wp\/v2\/media?parent=34018"}],"wp:term":[{"taxonomy":"category","embeddable":true,"href":"https:\/\/radiostudiow.com.br\/site\/wp-json\/wp\/v2\/categories?post=34018"},{"taxonomy":"post_tag","embeddable":true,"href":"https:\/\/radiostudiow.com.br\/site\/wp-json\/wp\/v2\/tags?post=34018"}],"curies":[{"name":"wp","href":"https:\/\/api.w.org\/{rel}","templated":true}]}}