{"id":34022,"date":"2025-02-12T09:32:08","date_gmt":"2025-02-12T12:32:08","guid":{"rendered":"https:\/\/radiostudiow.com.br\/site\/?p=34022"},"modified":"2025-02-12T09:32:08","modified_gmt":"2025-02-12T12:32:08","slug":"homem-e-detido-com-mandado-de-prisao-em-aberto-na-cidade-de-paulo-frontin","status":"publish","type":"post","link":"https:\/\/radiostudiow.com.br\/site\/2025\/02\/12\/homem-e-detido-com-mandado-de-prisao-em-aberto-na-cidade-de-paulo-frontin\/","title":{"rendered":"Homem \u00e9 detido com mandado de pris\u00e3o em aberto na cidade de Paulo Frontin"},"content":{"rendered":"\n<p>A equipe da Pol\u00edcia Militar de Paulo Frontin estava em patrulhamento quando abordou um homem em atitude suspeita. A situa\u00e7\u00e3o foi registrada por volta das 19h28min dessa ter\u00e7a-feira (11).<\/p>\n\n\n\n<figure class=\"wp-block-image size-full\"><img loading=\"lazy\" decoding=\"async\" width=\"897\" height=\"204\" src=\"https:\/\/radiostudiow.com.br\/site\/wp-content\/uploads\/2025\/02\/SITE-GRANDE7.png\" alt=\"\" class=\"wp-image-33861\" srcset=\"https:\/\/radiostudiow.com.br\/site\/wp-content\/uploads\/2025\/02\/SITE-GRANDE7.png 897w, https:\/\/radiostudiow.com.br\/site\/wp-content\/uploads\/2025\/02\/SITE-GRANDE7-300x68.png 300w, https:\/\/radiostudiow.com.br\/site\/wp-content\/uploads\/2025\/02\/SITE-GRANDE7-768x175.png 768w\" sizes=\"auto, (max-width: 897px) 100vw, 897px\" \/><\/figure>\n\n\n\n<p>Durante a consulta de seu nome nos sistemas da pol\u00edcia, foi poss\u00edvel confirmar a exist\u00eancia de um mandado de pris\u00e3o Art. 528 do C\u00f3digo de Processo Civil (CPC) de 2015 regula a intima\u00e7\u00e3o do devedor de alimentos para pagar, provar ou justificar o n\u00e3o pagamento em desfavor do homem.<\/p>\n\n\n\n<p>Diante dos fatos, o abordado foi conduzidoat\u00e9 o DEPEN para os procedimentos cab\u00edveis<\/p>\n","protected":false},"excerpt":{"rendered":"<p>A equipe da Pol\u00edcia Militar de Paulo Frontin estava em patrulhamento quando abordou um homem em atitude suspeita. A situa\u00e7\u00e3o foi registrada por volta das 19h28min dessa ter\u00e7a-feira (11). Durante a consulta de seu nome nos sistemas da pol\u00edcia, foi poss\u00edvel confirmar a exist\u00eancia de um mandado de pris\u00e3o Art. 528 do C\u00f3digo de Processo [&hellip;]<\/p>\n","protected":false},"author":2,"featured_media":33923,"comment_status":"open","ping_status":"open","sticky":false,"template":"","format":"standard","meta":{"footnotes":""},"categories":[2],"tags":[172],"class_list":["post-34022","post","type-post","status-publish","format-standard","has-post-thumbnail","hentry","category-policial","tag-featured"],"amp_enabled":true,"_links":{"self":[{"href":"https:\/\/radiostudiow.com.br\/site\/wp-json\/wp\/v2\/posts\/34022","targetHints":{"allow":["GET"]}}],"collection":[{"href":"https:\/\/radiostudiow.com.br\/site\/wp-json\/wp\/v2\/posts"}],"about":[{"href":"https:\/\/radiostudiow.com.br\/site\/wp-json\/wp\/v2\/types\/post"}],"author":[{"embeddable":true,"href":"https:\/\/radiostudiow.com.br\/site\/wp-json\/wp\/v2\/users\/2"}],"replies":[{"embeddable":true,"href":"https:\/\/radiostudiow.com.br\/site\/wp-json\/wp\/v2\/comments?post=34022"}],"version-history":[{"count":2,"href":"https:\/\/radiostudiow.com.br\/site\/wp-json\/wp\/v2\/posts\/34022\/revisions"}],"predecessor-version":[{"id":34024,"href":"https:\/\/radiostudiow.com.br\/site\/wp-json\/wp\/v2\/posts\/34022\/revisions\/34024"}],"wp:featuredmedia":[{"embeddable":true,"href":"https:\/\/radiostudiow.com.br\/site\/wp-json\/wp\/v2\/media\/33923"}],"wp:attachment":[{"href":"https:\/\/radiostudiow.com.br\/site\/wp-json\/wp\/v2\/media?parent=34022"}],"wp:term":[{"taxonomy":"category","embeddable":true,"href":"https:\/\/radiostudiow.com.br\/site\/wp-json\/wp\/v2\/categories?post=34022"},{"taxonomy":"post_tag","embeddable":true,"href":"https:\/\/radiostudiow.com.br\/site\/wp-json\/wp\/v2\/tags?post=34022"}],"curies":[{"name":"wp","href":"https:\/\/api.w.org\/{rel}","templated":true}]}}