{"id":34025,"date":"2025-02-12T10:01:52","date_gmt":"2025-02-12T13:01:52","guid":{"rendered":"https:\/\/radiostudiow.com.br\/site\/?p=34025"},"modified":"2025-02-12T10:01:52","modified_gmt":"2025-02-12T13:01:52","slug":"mais-1-034-professores-aprovados-em-concurso-sao-convocados-no-parana","status":"publish","type":"post","link":"https:\/\/radiostudiow.com.br\/site\/2025\/02\/12\/mais-1-034-professores-aprovados-em-concurso-sao-convocados-no-parana\/","title":{"rendered":"Mais 1.034 professores aprovados em concurso s\u00e3o convocados no Paran\u00e1"},"content":{"rendered":"\n<p>A Secretaria de Educa\u00e7\u00e3o est\u00e1 finalizando o edital com a lista dos convocados, que ser\u00e1 encaminhado \u00e0 Secretaria de Estado da Administra\u00e7\u00e3o e Previd\u00eancia (SEAP), pasta respons\u00e1vel pelas contrata\u00e7\u00f5es do Estado.<\/p>\n\n\n\n<p>O governador do Paran\u00e1, Carlos Massa Ratinho Junior e o secret\u00e1rio estadual da Educa\u00e7\u00e3o, Roni Miranda, anunciaram nesta ter\u00e7a-feira a convoca\u00e7\u00e3o de mais mil e 34 professores para atuar na rede estadual do Paran\u00e1 a partir do segundo semestre deste ano.<\/p>\n\n\n\n<figure class=\"wp-block-image size-full\"><img loading=\"lazy\" decoding=\"async\" width=\"598\" height=\"204\" src=\"https:\/\/radiostudiow.com.br\/site\/wp-content\/uploads\/2025\/01\/SITE-MEDIO3.png\" alt=\"\" class=\"wp-image-32815\" srcset=\"https:\/\/radiostudiow.com.br\/site\/wp-content\/uploads\/2025\/01\/SITE-MEDIO3.png 598w, https:\/\/radiostudiow.com.br\/site\/wp-content\/uploads\/2025\/01\/SITE-MEDIO3-300x102.png 300w\" sizes=\"auto, (max-width: 598px) 100vw, 598px\" \/><\/figure>\n\n\n\n<p>Eles foram aprovados no concurso p\u00fablico realizado em 2023 pela Secretaria de Estado da Educa\u00e7\u00e3o e devem ser nomeados em junho.<\/p>\n\n\n\n<p>Ratinho Junior ressaltou que os profissionais v\u00e3o refor\u00e7ar a rede p\u00fablica do Estado, que tem a melhor educa\u00e7\u00e3o do Brasil.<\/p>\n\n\n\n<p>A Secretaria da Educa\u00e7\u00e3o est\u00e1 finalizando o edital com a lista dos convocados, que ser\u00e1 encaminhado \u00e0 Secretaria de Estado da Administra\u00e7\u00e3o e Previd\u00eancia, pasta respons\u00e1vel pelas contrata\u00e7\u00f5es do Estado.<\/p>\n\n\n\n<figure class=\"wp-block-image size-full\"><img decoding=\"async\" src=\"https:\/\/radiostudiow.com.br\/site\/wp-content\/uploads\/2025\/02\/SITE-E-TV.png\" alt=\"\" class=\"wp-image-33896\"\/><\/figure>\n\n\n\n<p>O edital de convoca\u00e7\u00e3o para a realiza\u00e7\u00e3o de exames m\u00e9dicos est\u00e1 previsto para ser publicado na segunda quinzena de mar\u00e7o na p\u00e1gina do Instituto Brasileiro de Informa\u00e7\u00e3o e Capacita\u00e7\u00e3o, banca respons\u00e1vel pela realiza\u00e7\u00e3o do concurso.<\/p>\n\n\n\n<p>Os novos profissionais v\u00e3o atender alunos das escolas estaduais em diversas disciplinas, com carga hor\u00e1ria de 20 a 40 horas semanais, dependendo da aprova\u00e7\u00e3o em um ou dois cargos.<\/p>\n","protected":false},"excerpt":{"rendered":"<p>A Secretaria de Educa\u00e7\u00e3o est\u00e1 finalizando o edital com a lista dos convocados, que ser\u00e1 encaminhado \u00e0 Secretaria de Estado da Administra\u00e7\u00e3o e Previd\u00eancia (SEAP), pasta respons\u00e1vel pelas contrata\u00e7\u00f5es do Estado. O governador do Paran\u00e1, Carlos Massa Ratinho Junior e o secret\u00e1rio estadual da Educa\u00e7\u00e3o, Roni Miranda, anunciaram nesta ter\u00e7a-feira a convoca\u00e7\u00e3o de mais mil [&hellip;]<\/p>\n","protected":false},"author":2,"featured_media":34026,"comment_status":"open","ping_status":"open","sticky":false,"template":"","format":"standard","meta":{"footnotes":""},"categories":[7],"tags":[172],"class_list":["post-34025","post","type-post","status-publish","format-standard","has-post-thumbnail","hentry","category-geral","tag-featured"],"amp_enabled":true,"_links":{"self":[{"href":"https:\/\/radiostudiow.com.br\/site\/wp-json\/wp\/v2\/posts\/34025","targetHints":{"allow":["GET"]}}],"collection":[{"href":"https:\/\/radiostudiow.com.br\/site\/wp-json\/wp\/v2\/posts"}],"about":[{"href":"https:\/\/radiostudiow.com.br\/site\/wp-json\/wp\/v2\/types\/post"}],"author":[{"embeddable":true,"href":"https:\/\/radiostudiow.com.br\/site\/wp-json\/wp\/v2\/users\/2"}],"replies":[{"embeddable":true,"href":"https:\/\/radiostudiow.com.br\/site\/wp-json\/wp\/v2\/comments?post=34025"}],"version-history":[{"count":1,"href":"https:\/\/radiostudiow.com.br\/site\/wp-json\/wp\/v2\/posts\/34025\/revisions"}],"predecessor-version":[{"id":34027,"href":"https:\/\/radiostudiow.com.br\/site\/wp-json\/wp\/v2\/posts\/34025\/revisions\/34027"}],"wp:featuredmedia":[{"embeddable":true,"href":"https:\/\/radiostudiow.com.br\/site\/wp-json\/wp\/v2\/media\/34026"}],"wp:attachment":[{"href":"https:\/\/radiostudiow.com.br\/site\/wp-json\/wp\/v2\/media?parent=34025"}],"wp:term":[{"taxonomy":"category","embeddable":true,"href":"https:\/\/radiostudiow.com.br\/site\/wp-json\/wp\/v2\/categories?post=34025"},{"taxonomy":"post_tag","embeddable":true,"href":"https:\/\/radiostudiow.com.br\/site\/wp-json\/wp\/v2\/tags?post=34025"}],"curies":[{"name":"wp","href":"https:\/\/api.w.org\/{rel}","templated":true}]}}