{"id":34028,"date":"2025-02-12T10:18:52","date_gmt":"2025-02-12T13:18:52","guid":{"rendered":"https:\/\/radiostudiow.com.br\/site\/?p=34028"},"modified":"2025-02-12T10:18:53","modified_gmt":"2025-02-12T13:18:53","slug":"sesa-registra-mais-1-156-casos-de-dengue-no-parana","status":"publish","type":"post","link":"https:\/\/radiostudiow.com.br\/site\/2025\/02\/12\/sesa-registra-mais-1-156-casos-de-dengue-no-parana\/","title":{"rendered":"SESA registra mais 1.156 casos de dengue no Paran\u00e1"},"content":{"rendered":"\n<p>A Secretaria de Estado da Sa\u00fade (Sesa), por meio da Coordenadoria Estadual de Vigil\u00e2ncia Ambiental, publicou nesta ter\u00e7a-feira (11) o novo informe semanal da dengue. Foram registrados mais 1.156 casos da doen\u00e7a.<\/p>\n\n\n\n<figure class=\"wp-block-image size-full\"><img loading=\"lazy\" decoding=\"async\" width=\"598\" height=\"204\" src=\"https:\/\/radiostudiow.com.br\/site\/wp-content\/uploads\/2025\/01\/SITE-MEDIO.png\" alt=\"\" class=\"wp-image-32810\" srcset=\"https:\/\/radiostudiow.com.br\/site\/wp-content\/uploads\/2025\/01\/SITE-MEDIO.png 598w, https:\/\/radiostudiow.com.br\/site\/wp-content\/uploads\/2025\/01\/SITE-MEDIO-300x102.png 300w\" sizes=\"auto, (max-width: 598px) 100vw, 598px\" \/><\/figure>\n\n\n\n<p>Os dados do novo ano epidemiol\u00f3gico 2025 totalizam 21.765 notifica\u00e7\u00f5es, 3.725 diagn\u00f3sticos confirmados e um \u00f3bito em decorr\u00eancia da dengue. No total, 356 munic\u00edpios j\u00e1 apresentaram notifica\u00e7\u00f5es da doen\u00e7a, transmitida pelo mosquito\u00a0Aedes aegypti, e 187 possuem casos confirmados.<\/p>\n\n\n\n<p>As regionais com os maiores n\u00fameros de casos confirmados neste per\u00edodo epidemiol\u00f3gico s\u00e3o a 14\u00aa Regional de Sa\u00fade de Paranava\u00ed (1.287); 17\u00aa RS de Londrina (633); 13\u00aa RS Cianorte&nbsp;(355); 12\u00aa RS de Umuarama (284) e 15\u00aa RS Maring\u00e1 (191).<\/p>\n\n\n\n<figure class=\"wp-block-image size-full\"><img loading=\"lazy\" decoding=\"async\" width=\"897\" height=\"204\" src=\"https:\/\/radiostudiow.com.br\/site\/wp-content\/uploads\/2025\/01\/SITE-GRANDE4.png\" alt=\"\" class=\"wp-image-32888\" srcset=\"https:\/\/radiostudiow.com.br\/site\/wp-content\/uploads\/2025\/01\/SITE-GRANDE4.png 897w, https:\/\/radiostudiow.com.br\/site\/wp-content\/uploads\/2025\/01\/SITE-GRANDE4-300x68.png 300w, https:\/\/radiostudiow.com.br\/site\/wp-content\/uploads\/2025\/01\/SITE-GRANDE4-768x175.png 768w\" sizes=\"auto, (max-width: 897px) 100vw, 897px\" \/><\/figure>\n\n\n\n<p><strong>OUTRAS ARBOVIROSES&nbsp;\u2013<\/strong>&nbsp;A publica\u00e7\u00e3o traz ainda dados sobre Chikungunya e Zika, doen\u00e7as que tamb\u00e9m t\u00eam como vetor o mosquito&nbsp;Aedes aegypti. Foram contabilizados 108 casos confirmados de Chikungunya, com um total de 388 notifica\u00e7\u00f5es da doen\u00e7a no Estado. No que se refere ao Zika V\u00edrus, at\u00e9 agora foram registradas 10 notifica\u00e7\u00f5es e nenhum caso foi confirmado.<\/p>\n\n\n\n<p>Confira o Informe Semanal completo&nbsp;&nbsp;<strong><a href=\"https:\/\/www.dengue.pr.gov.br\/Pagina\/Boletins-da-Dengue\" target=\"_blank\" rel=\"noreferrer noopener\">AQUI<\/a><\/strong>&nbsp;. Mais informa\u00e7\u00f5es sobre a dengue est\u00e3o&nbsp;neste&nbsp;<strong><a href=\"https:\/\/www.dengue.pr.gov.br\/\" target=\"_blank\" rel=\"noreferrer noopener\">LINK<\/a><\/strong>.<\/p>\n\n\n\n<ul class=\"wp-block-list\">\n<li><a href=\"https:\/\/www.saude.pr.gov.br\/sites\/default\/arquivos_restritos\/files\/imagem\/2024-12\/avisocapa_dengue_2025.jpg\"><\/a><a href=\"https:\/\/www.saude.pr.gov.br\/sites\/default\/arquivos_restritos\/files\/imagem\/2024-12\/avisocapa_dengue_2025.jpg\"><\/a><\/li>\n<\/ul>\n","protected":false},"excerpt":{"rendered":"<p>A Secretaria de Estado da Sa\u00fade (Sesa), por meio da Coordenadoria Estadual de Vigil\u00e2ncia Ambiental, publicou nesta ter\u00e7a-feira (11) o novo informe semanal da dengue. Foram registrados mais 1.156 casos da doen\u00e7a. Os dados do novo ano epidemiol\u00f3gico 2025 totalizam 21.765 notifica\u00e7\u00f5es, 3.725 diagn\u00f3sticos confirmados e um \u00f3bito em decorr\u00eancia da dengue. No total, 356 [&hellip;]<\/p>\n","protected":false},"author":2,"featured_media":33421,"comment_status":"open","ping_status":"open","sticky":false,"template":"","format":"standard","meta":{"footnotes":""},"categories":[182],"tags":[172],"class_list":["post-34028","post","type-post","status-publish","format-standard","has-post-thumbnail","hentry","category-saude","tag-featured"],"amp_enabled":true,"_links":{"self":[{"href":"https:\/\/radiostudiow.com.br\/site\/wp-json\/wp\/v2\/posts\/34028","targetHints":{"allow":["GET"]}}],"collection":[{"href":"https:\/\/radiostudiow.com.br\/site\/wp-json\/wp\/v2\/posts"}],"about":[{"href":"https:\/\/radiostudiow.com.br\/site\/wp-json\/wp\/v2\/types\/post"}],"author":[{"embeddable":true,"href":"https:\/\/radiostudiow.com.br\/site\/wp-json\/wp\/v2\/users\/2"}],"replies":[{"embeddable":true,"href":"https:\/\/radiostudiow.com.br\/site\/wp-json\/wp\/v2\/comments?post=34028"}],"version-history":[{"count":1,"href":"https:\/\/radiostudiow.com.br\/site\/wp-json\/wp\/v2\/posts\/34028\/revisions"}],"predecessor-version":[{"id":34029,"href":"https:\/\/radiostudiow.com.br\/site\/wp-json\/wp\/v2\/posts\/34028\/revisions\/34029"}],"wp:featuredmedia":[{"embeddable":true,"href":"https:\/\/radiostudiow.com.br\/site\/wp-json\/wp\/v2\/media\/33421"}],"wp:attachment":[{"href":"https:\/\/radiostudiow.com.br\/site\/wp-json\/wp\/v2\/media?parent=34028"}],"wp:term":[{"taxonomy":"category","embeddable":true,"href":"https:\/\/radiostudiow.com.br\/site\/wp-json\/wp\/v2\/categories?post=34028"},{"taxonomy":"post_tag","embeddable":true,"href":"https:\/\/radiostudiow.com.br\/site\/wp-json\/wp\/v2\/tags?post=34028"}],"curies":[{"name":"wp","href":"https:\/\/api.w.org\/{rel}","templated":true}]}}