{"id":34030,"date":"2025-02-12T10:22:15","date_gmt":"2025-02-12T13:22:15","guid":{"rendered":"https:\/\/radiostudiow.com.br\/site\/?p=34030"},"modified":"2025-02-12T10:22:15","modified_gmt":"2025-02-12T13:22:15","slug":"acidente-entre-carro-e-caminhao-deixa-transito-lento-na-br-476","status":"publish","type":"post","link":"https:\/\/radiostudiow.com.br\/site\/2025\/02\/12\/acidente-entre-carro-e-caminhao-deixa-transito-lento-na-br-476\/","title":{"rendered":"Acidente entre carro e caminh\u00e3o deixa tr\u00e2nsito lento na BR-476"},"content":{"rendered":"\n<p>Um ve\u00edculo VW Golf e um caminh\u00e3o se envolveram em um acidente na noite desta ter\u00e7a-feira, 11, na\u00a0rodovia BR-476 pr\u00f3ximo ao trevo de acesso ao munic\u00edpio de Ant\u00f4nio Olinto.<\/p>\n\n\n\n<figure class=\"wp-block-image size-full\"><img loading=\"lazy\" decoding=\"async\" width=\"897\" height=\"204\" src=\"https:\/\/radiostudiow.com.br\/site\/wp-content\/uploads\/2025\/01\/SITE-GRANDE5.png\" alt=\"\" class=\"wp-image-32814\" srcset=\"https:\/\/radiostudiow.com.br\/site\/wp-content\/uploads\/2025\/01\/SITE-GRANDE5.png 897w, https:\/\/radiostudiow.com.br\/site\/wp-content\/uploads\/2025\/01\/SITE-GRANDE5-300x68.png 300w, https:\/\/radiostudiow.com.br\/site\/wp-content\/uploads\/2025\/01\/SITE-GRANDE5-768x175.png 768w\" sizes=\"auto, (max-width: 897px) 100vw, 897px\" \/><\/figure>\n\n\n\n<p>Segundo informa\u00e7\u00f5es do portal\u00a0Clic Sul News, os motoristas envolvidos tiveram ferimentos leves, sendo socorridos por uma equipe da ROTAM que passava pelo local.<\/p>\n\n\n\n<p>O trecho apresenta lentid\u00e3o devido ao acidente. A Pol\u00edcia Rodovi\u00e1ria Federal (PRF) foi acionada e orientar o tr\u00e1fego de ve\u00edculos.<\/p>\n\n\n\n<figure class=\"wp-block-image size-full\"><img loading=\"lazy\" decoding=\"async\" width=\"733\" height=\"497\" src=\"https:\/\/radiostudiow.com.br\/site\/wp-content\/uploads\/2025\/02\/11.jpg\" alt=\"\" class=\"wp-image-34032\" srcset=\"https:\/\/radiostudiow.com.br\/site\/wp-content\/uploads\/2025\/02\/11.jpg 733w, https:\/\/radiostudiow.com.br\/site\/wp-content\/uploads\/2025\/02\/11-300x203.jpg 300w\" sizes=\"auto, (max-width: 733px) 100vw, 733px\" \/><\/figure>\n\n\n\n<p><em>Fonte\/Foto: Portal Clic Sul News<br><\/em><\/p>\n","protected":false},"excerpt":{"rendered":"<p>Um ve\u00edculo VW Golf e um caminh\u00e3o se envolveram em um acidente na noite desta ter\u00e7a-feira, 11, na\u00a0rodovia BR-476 pr\u00f3ximo ao trevo de acesso ao munic\u00edpio de Ant\u00f4nio Olinto. Segundo informa\u00e7\u00f5es do portal\u00a0Clic Sul News, os motoristas envolvidos tiveram ferimentos leves, sendo socorridos por uma equipe da ROTAM que passava pelo local. O trecho apresenta [&hellip;]<\/p>\n","protected":false},"author":2,"featured_media":34033,"comment_status":"open","ping_status":"open","sticky":false,"template":"","format":"standard","meta":{"footnotes":""},"categories":[185],"tags":[172],"class_list":["post-34030","post","type-post","status-publish","format-standard","has-post-thumbnail","hentry","category-regional","tag-featured"],"amp_enabled":true,"_links":{"self":[{"href":"https:\/\/radiostudiow.com.br\/site\/wp-json\/wp\/v2\/posts\/34030","targetHints":{"allow":["GET"]}}],"collection":[{"href":"https:\/\/radiostudiow.com.br\/site\/wp-json\/wp\/v2\/posts"}],"about":[{"href":"https:\/\/radiostudiow.com.br\/site\/wp-json\/wp\/v2\/types\/post"}],"author":[{"embeddable":true,"href":"https:\/\/radiostudiow.com.br\/site\/wp-json\/wp\/v2\/users\/2"}],"replies":[{"embeddable":true,"href":"https:\/\/radiostudiow.com.br\/site\/wp-json\/wp\/v2\/comments?post=34030"}],"version-history":[{"count":1,"href":"https:\/\/radiostudiow.com.br\/site\/wp-json\/wp\/v2\/posts\/34030\/revisions"}],"predecessor-version":[{"id":34034,"href":"https:\/\/radiostudiow.com.br\/site\/wp-json\/wp\/v2\/posts\/34030\/revisions\/34034"}],"wp:featuredmedia":[{"embeddable":true,"href":"https:\/\/radiostudiow.com.br\/site\/wp-json\/wp\/v2\/media\/34033"}],"wp:attachment":[{"href":"https:\/\/radiostudiow.com.br\/site\/wp-json\/wp\/v2\/media?parent=34030"}],"wp:term":[{"taxonomy":"category","embeddable":true,"href":"https:\/\/radiostudiow.com.br\/site\/wp-json\/wp\/v2\/categories?post=34030"},{"taxonomy":"post_tag","embeddable":true,"href":"https:\/\/radiostudiow.com.br\/site\/wp-json\/wp\/v2\/tags?post=34030"}],"curies":[{"name":"wp","href":"https:\/\/api.w.org\/{rel}","templated":true}]}}