{"id":34035,"date":"2025-02-12T10:25:33","date_gmt":"2025-02-12T13:25:33","guid":{"rendered":"https:\/\/radiostudiow.com.br\/site\/?p=34035"},"modified":"2025-02-12T10:25:33","modified_gmt":"2025-02-12T13:25:33","slug":"homem-e-preso-por-abusar-da-filha-e-incentivar-filho-a-cometer-violencia-sexual-em-irati","status":"publish","type":"post","link":"https:\/\/radiostudiow.com.br\/site\/2025\/02\/12\/homem-e-preso-por-abusar-da-filha-e-incentivar-filho-a-cometer-violencia-sexual-em-irati\/","title":{"rendered":"Homem \u00e9 preso por abusar da filha e incentivar filho a cometer viol\u00eancia sexual em Irati"},"content":{"rendered":"\n<p>A Pol\u00edcia Civil do Paran\u00e1 (PCPR), por meio da 41\u00aa Delegacia Regional de Irati, efetuou na \u00faltima sexta-feira, 7, a pris\u00e3o preventiva de um homem de 44 anos, investigado por estupro de vulner\u00e1vel, importuna\u00e7\u00e3o sexual e viol\u00eancia psicol\u00f3gica.\u00a0As v\u00edtimas s\u00e3o sua filha adolescente, seu filho crian\u00e7a e sua esposa.<\/p>\n\n\n\n<figure class=\"wp-block-image size-full\"><img loading=\"lazy\" decoding=\"async\" width=\"897\" height=\"204\" src=\"https:\/\/radiostudiow.com.br\/site\/wp-content\/uploads\/2025\/01\/SITE-GRANDE3.png\" alt=\"\" class=\"wp-image-32900\" srcset=\"https:\/\/radiostudiow.com.br\/site\/wp-content\/uploads\/2025\/01\/SITE-GRANDE3.png 897w, https:\/\/radiostudiow.com.br\/site\/wp-content\/uploads\/2025\/01\/SITE-GRANDE3-300x68.png 300w, https:\/\/radiostudiow.com.br\/site\/wp-content\/uploads\/2025\/01\/SITE-GRANDE3-768x175.png 768w\" sizes=\"auto, (max-width: 897px) 100vw, 897px\" \/><\/figure>\n\n\n\n<p>A investiga\u00e7\u00e3o teve in\u00edcio ap\u00f3s uma den\u00fancia feita pelo Conselho Tutelar, quando a filha do suspeito pediu ajuda ao acompanhar a m\u00e3e em um atendimento m\u00e9dico na Santa Casa de Irati.<\/p>\n\n\n\n<p>A adolescente relatou ser v\u00edtima de abusos e afirmou que o pai teria induzido o irm\u00e3o mais novo a praticar atos de cunho sexual contra ela.\u00a0A m\u00e3e tamb\u00e9m prestou depoimento confirmando os abusos e relatando epis\u00f3dios de viol\u00eancia psicol\u00f3gica, al\u00e9m de solicitar medidas protetivas urgentes.<\/p>\n\n\n\n<p>Diante da gravidade dos fatos, a autoridade policial solicitou a pris\u00e3o preventiva do suspeito, medida que foi prontamente deferida pelo Poder Judici\u00e1rio.<\/p>\n\n\n\n<figure class=\"wp-block-image size-full\"><img decoding=\"async\" src=\"https:\/\/radiostudiow.com.br\/site\/wp-content\/uploads\/2025\/02\/SITE-E-TV.png\" alt=\"\" class=\"wp-image-33896\"\/><\/figure>\n\n\n\n<p>O homem foi localizado e detido pela equipe da 41\u00aa DRPC e, ap\u00f3s os tr\u00e2mites legais, encaminhado ao DEPEN, onde permanece \u00e0 disposi\u00e7\u00e3o da Justi\u00e7a.<\/p>\n\n\n\n<p>A PCPR refor\u00e7a o compromisso com a prote\u00e7\u00e3o de crian\u00e7as, adolescentes e mulheres v\u00edtimas de viol\u00eancia. Informa\u00e7\u00f5es que possam contribuir com investiga\u00e7\u00f5es podem ser repassadas de forma an\u00f4nima pelos n\u00fameros 197 e 181.<\/p>\n","protected":false},"excerpt":{"rendered":"<p>A Pol\u00edcia Civil do Paran\u00e1 (PCPR), por meio da 41\u00aa Delegacia Regional de Irati, efetuou na \u00faltima sexta-feira, 7, a pris\u00e3o preventiva de um homem de 44 anos, investigado por estupro de vulner\u00e1vel, importuna\u00e7\u00e3o sexual e viol\u00eancia psicol\u00f3gica.\u00a0As v\u00edtimas s\u00e3o sua filha adolescente, seu filho crian\u00e7a e sua esposa. A investiga\u00e7\u00e3o teve in\u00edcio ap\u00f3s uma [&hellip;]<\/p>\n","protected":false},"author":2,"featured_media":34036,"comment_status":"open","ping_status":"open","sticky":false,"template":"","format":"standard","meta":{"footnotes":""},"categories":[2],"tags":[172],"class_list":["post-34035","post","type-post","status-publish","format-standard","has-post-thumbnail","hentry","category-policial","tag-featured"],"amp_enabled":true,"_links":{"self":[{"href":"https:\/\/radiostudiow.com.br\/site\/wp-json\/wp\/v2\/posts\/34035","targetHints":{"allow":["GET"]}}],"collection":[{"href":"https:\/\/radiostudiow.com.br\/site\/wp-json\/wp\/v2\/posts"}],"about":[{"href":"https:\/\/radiostudiow.com.br\/site\/wp-json\/wp\/v2\/types\/post"}],"author":[{"embeddable":true,"href":"https:\/\/radiostudiow.com.br\/site\/wp-json\/wp\/v2\/users\/2"}],"replies":[{"embeddable":true,"href":"https:\/\/radiostudiow.com.br\/site\/wp-json\/wp\/v2\/comments?post=34035"}],"version-history":[{"count":1,"href":"https:\/\/radiostudiow.com.br\/site\/wp-json\/wp\/v2\/posts\/34035\/revisions"}],"predecessor-version":[{"id":34037,"href":"https:\/\/radiostudiow.com.br\/site\/wp-json\/wp\/v2\/posts\/34035\/revisions\/34037"}],"wp:featuredmedia":[{"embeddable":true,"href":"https:\/\/radiostudiow.com.br\/site\/wp-json\/wp\/v2\/media\/34036"}],"wp:attachment":[{"href":"https:\/\/radiostudiow.com.br\/site\/wp-json\/wp\/v2\/media?parent=34035"}],"wp:term":[{"taxonomy":"category","embeddable":true,"href":"https:\/\/radiostudiow.com.br\/site\/wp-json\/wp\/v2\/categories?post=34035"},{"taxonomy":"post_tag","embeddable":true,"href":"https:\/\/radiostudiow.com.br\/site\/wp-json\/wp\/v2\/tags?post=34035"}],"curies":[{"name":"wp","href":"https:\/\/api.w.org\/{rel}","templated":true}]}}