{"id":34038,"date":"2025-02-12T10:28:22","date_gmt":"2025-02-12T13:28:22","guid":{"rendered":"https:\/\/radiostudiow.com.br\/site\/?p=34038"},"modified":"2025-02-12T10:28:34","modified_gmt":"2025-02-12T13:28:34","slug":"celular-furtado-e-recuperado-e-autor-e-preso-em-sao-cristovao","status":"publish","type":"post","link":"https:\/\/radiostudiow.com.br\/site\/2025\/02\/12\/celular-furtado-e-recuperado-e-autor-e-preso-em-sao-cristovao\/","title":{"rendered":"Celular furtado \u00e9 recuperado e autor \u00e9 preso em Uni\u00e3o da Vit\u00f3ria"},"content":{"rendered":"\n<p>Por volta das 19h07min da noite desta ter\u00e7a-feira, 11 de fevereiro, durante patrulhamento da Pol\u00edcia Militar de Uni\u00e3o da Vit\u00f3ria foi abordada por uma mulher que relatou ter sido v\u00edtima de furto de seu celular no dia 10 de fevereiro.<\/p>\n\n\n\n<figure class=\"wp-block-image size-full\"><img loading=\"lazy\" decoding=\"async\" width=\"598\" height=\"204\" src=\"https:\/\/radiostudiow.com.br\/site\/wp-content\/uploads\/2025\/01\/SITE-MEDIO7.png\" alt=\"\" class=\"wp-image-32801\" srcset=\"https:\/\/radiostudiow.com.br\/site\/wp-content\/uploads\/2025\/01\/SITE-MEDIO7.png 598w, https:\/\/radiostudiow.com.br\/site\/wp-content\/uploads\/2025\/01\/SITE-MEDIO7-300x102.png 300w\" sizes=\"auto, (max-width: 598px) 100vw, 598px\" \/><\/figure>\n\n\n\n<p>Com base nas informa\u00e7\u00f5es fornecidas, os policiais realizaram dilig\u00eancias e conseguiram localizar tanto o autor do furto quanto o aparelho roubado.<\/p>\n\n\n\n<p>O homem foi preso e, juntamente com a v\u00edtima, encaminhado \u00e0 delegacia para a tomada das provid\u00eancias legais cab\u00edveis.<\/p>\n","protected":false},"excerpt":{"rendered":"<p>Por volta das 19h07min da noite desta ter\u00e7a-feira, 11 de fevereiro, durante patrulhamento da Pol\u00edcia Militar de Uni\u00e3o da Vit\u00f3ria foi abordada por uma mulher que relatou ter sido v\u00edtima de furto de seu celular no dia 10 de fevereiro. Com base nas informa\u00e7\u00f5es fornecidas, os policiais realizaram dilig\u00eancias e conseguiram localizar tanto o autor [&hellip;]<\/p>\n","protected":false},"author":2,"featured_media":34039,"comment_status":"open","ping_status":"open","sticky":false,"template":"","format":"standard","meta":{"footnotes":""},"categories":[2],"tags":[172],"class_list":["post-34038","post","type-post","status-publish","format-standard","has-post-thumbnail","hentry","category-policial","tag-featured"],"amp_enabled":true,"_links":{"self":[{"href":"https:\/\/radiostudiow.com.br\/site\/wp-json\/wp\/v2\/posts\/34038","targetHints":{"allow":["GET"]}}],"collection":[{"href":"https:\/\/radiostudiow.com.br\/site\/wp-json\/wp\/v2\/posts"}],"about":[{"href":"https:\/\/radiostudiow.com.br\/site\/wp-json\/wp\/v2\/types\/post"}],"author":[{"embeddable":true,"href":"https:\/\/radiostudiow.com.br\/site\/wp-json\/wp\/v2\/users\/2"}],"replies":[{"embeddable":true,"href":"https:\/\/radiostudiow.com.br\/site\/wp-json\/wp\/v2\/comments?post=34038"}],"version-history":[{"count":2,"href":"https:\/\/radiostudiow.com.br\/site\/wp-json\/wp\/v2\/posts\/34038\/revisions"}],"predecessor-version":[{"id":34041,"href":"https:\/\/radiostudiow.com.br\/site\/wp-json\/wp\/v2\/posts\/34038\/revisions\/34041"}],"wp:featuredmedia":[{"embeddable":true,"href":"https:\/\/radiostudiow.com.br\/site\/wp-json\/wp\/v2\/media\/34039"}],"wp:attachment":[{"href":"https:\/\/radiostudiow.com.br\/site\/wp-json\/wp\/v2\/media?parent=34038"}],"wp:term":[{"taxonomy":"category","embeddable":true,"href":"https:\/\/radiostudiow.com.br\/site\/wp-json\/wp\/v2\/categories?post=34038"},{"taxonomy":"post_tag","embeddable":true,"href":"https:\/\/radiostudiow.com.br\/site\/wp-json\/wp\/v2\/tags?post=34038"}],"curies":[{"name":"wp","href":"https:\/\/api.w.org\/{rel}","templated":true}]}}